{"id":1279,"date":"2016-06-10T15:48:40","date_gmt":"2016-06-10T13:48:40","guid":{"rendered":"https:\/\/teatertidningen.se\/?p=1279"},"modified":"2016-07-11T17:21:49","modified_gmt":"2016-07-11T15:21:49","slug":"spackad-sommar-pa-parkteatern","status":"publish","type":"post","link":"https:\/\/teatertidningen.se\/?p=1279","title":{"rendered":"Sp\u00e4ckad sommar p\u00e5 Parkteatern"},"content":{"rendered":"<table style=\"width: 100%;\" border=\"0\">\n<tbody>\n<tr>\n<td style=\"padding-right: 4%; width: 50%; vertical-align: top;\">\n<p><strong>Stockholm<\/strong><\/p>\n<p>Som vanligt bjuder Parkteatern i Stockholm p\u00e5 ett rikt sommarprogram, alltid gratis. \u00bbTrollfl\u00f6jten 2.0\u00ab (bilden), deras egen version av Mozarts opera med nyskriven musik av Mette Herlitz, spelas till och med den 30 juni. Vidare v\u00e4ntar exempelvis Unga Klaras upps\u00e4ttning \u00bbVitsvit\u00ab av Athena Farrokhzad, (27-29\/7), \u00bbHellsingland\u00ab, en musikalisk odyss\u00e9 med texter av Lennart Hellsing (4-13\/8), \u00bbDollywood\u00ab, en scenisk roadmovie genom Dolly Partons liv och musik (9\/7-23\/8), samt familjef\u00f6rest\u00e4llningar, f\u00f6rfattarsamtal, festivaler, dans &#8230;<\/p>\n<p>&nbsp;<\/p>\n<p>&nbsp;<\/p>\n<p>&nbsp;<\/p>\n<p>&nbsp;<\/p>\n<p>&nbsp;<\/p>\n<p>&nbsp;<\/p>\n<\/td>\n<td style=\"vertical-align: top; padding-right: 1%;\">\n<p>&nbsp;<\/p>\n<p><a href=\"https:\/\/teatertidningen.se\/wp-content\/uploads\/Trollfl\u00f6jten_st\u00e5ende_press-foto-Matilda-Rahm.jpg\"><img loading=\"lazy\" class=\"alignnone wp-image-1281 size-medium\" src=\"https:\/\/teatertidningen.se\/wp-content\/uploads\/Trollfl\u00f6jten_st\u00e5ende_press-foto-Matilda-Rahm-217x300.jpg\" alt=\"\" width=\"217\" height=\"300\" srcset=\"https:\/\/teatertidningen.se\/wp-content\/uploads\/Trollfl\u00f6jten_st\u00e5ende_press-foto-Matilda-Rahm-217x300.jpg 217w, https:\/\/teatertidningen.se\/wp-content\/uploads\/Trollfl\u00f6jten_st\u00e5ende_press-foto-Matilda-Rahm-741x1024.jpg 741w, https:\/\/teatertidningen.se\/wp-content\/uploads\/Trollfl\u00f6jten_st\u00e5ende_press-foto-Matilda-Rahm.jpg 1796w\" sizes=\"(max-width: 217px) 100vw, 217px\" \/><\/a><\/p>\n<p><em>Foto: Matilda Rahm<\/em><\/p>\n<p>&nbsp;<\/p>\n<p>&nbsp;<\/p>\n<p>&nbsp;<\/p>\n<p>&nbsp;<\/p>\n<\/td>\n<\/tr>\n<\/tbody>\n<\/table>\n<p>&nbsp;<\/p>\n","protected":false},"excerpt":{"rendered":"<p>Stockholm Som vanligt bjuder Parkteatern i Stockholm p\u00e5 ett rikt sommarprogram, alltid gratis. \u00bbTrollfl\u00f6jten 2.0\u00ab (bilden), deras egen version av Mozarts opera med nyskriven musik av Mette Herlitz, spelas till och med den 30 juni. Vidare v\u00e4ntar exempelvis Unga Klaras upps\u00e4ttning \u00bbVitsvit\u00ab av Athena Farrokhzad, (27-29\/7), \u00bbHellsingland\u00ab, en musikalisk odyss\u00e9 med texter av Lennart Hellsing [&hellip;]<\/p>\n","protected":false},"author":4,"featured_media":0,"comment_status":"closed","ping_status":"open","sticky":false,"template":"","format":"standard","meta":[],"categories":[3],"tags":[],"_links":{"self":[{"href":"https:\/\/teatertidningen.se\/index.php?rest_route=\/wp\/v2\/posts\/1279"}],"collection":[{"href":"https:\/\/teatertidningen.se\/index.php?rest_route=\/wp\/v2\/posts"}],"about":[{"href":"https:\/\/teatertidningen.se\/index.php?rest_route=\/wp\/v2\/types\/post"}],"author":[{"embeddable":true,"href":"https:\/\/teatertidningen.se\/index.php?rest_route=\/wp\/v2\/users\/4"}],"replies":[{"embeddable":true,"href":"https:\/\/teatertidningen.se\/index.php?rest_route=%2Fwp%2Fv2%2Fcomments&post=1279"}],"version-history":[{"count":6,"href":"https:\/\/teatertidningen.se\/index.php?rest_route=\/wp\/v2\/posts\/1279\/revisions"}],"predecessor-version":[{"id":1313,"href":"https:\/\/teatertidningen.se\/index.php?rest_route=\/wp\/v2\/posts\/1279\/revisions\/1313"}],"wp:attachment":[{"href":"https:\/\/teatertidningen.se\/index.php?rest_route=%2Fwp%2Fv2%2Fmedia&parent=1279"}],"wp:term":[{"taxonomy":"category","embeddable":true,"href":"https:\/\/teatertidningen.se\/index.php?rest_route=%2Fwp%2Fv2%2Fcategories&post=1279"},{"taxonomy":"post_tag","embeddable":true,"href":"https:\/\/teatertidningen.se\/index.php?rest_route=%2Fwp%2Fv2%2Ftags&post=1279"}],"curies":[{"name":"wp","href":"https:\/\/api.w.org\/{rel}","templated":true}]}}