{"id":1301,"date":"2016-07-11T17:18:41","date_gmt":"2016-07-11T15:18:41","guid":{"rendered":"https:\/\/teatertidningen.se\/?p=1301"},"modified":"2016-07-11T17:20:26","modified_gmt":"2016-07-11T15:20:26","slug":"elva-dagar-bergmanfestival","status":"publish","type":"post","link":"https:\/\/teatertidningen.se\/?p=1301","title":{"rendered":"Elva dagar Bergmanfestival"},"content":{"rendered":"<table style=\"width: 100%;\" border=\"0\">\n<tbody>\n<tr>\n<td style=\"padding-right: 4%; width: 50%; vertical-align: top;\">\n<p><strong>Stockholm<\/strong><\/p>\n<p>Dramaten inleder sin h\u00f6sts\u00e4song med Bergmanfestivalen, 25 augusti till 4 september. Festivalen tar avstamp i Ingmar Bergmans verk, men inneh\u00e5ller \u00e4ven s\u00e5dant som inte g\u00e5r att koppla till v\u00e5r k\u00e4nde teater- och filmman. Den \u00e4r ett led i att st\u00e4rka de internationella utbytena och samarbetena p\u00e5 Dramaten. Bland de internationella g\u00e4stspelen m\u00e4rks i \u00e5r exempelvis Tg Stans upps\u00e4ttning av \u00bbScener ur ett \u00e4ktenskap\u00ab (bilden), av och med Ruth Vega Fernandez och Frank Vercruyssen, \u00bbH\u00f6stsonaten\u00ab, i regi av Jan Bosse, med Deutsches theater Berlin och \u00bbVox humana\u00ab, i regi av Ivo van Hove, med Toneelgroep Amsterdam.<\/p>\n<p>Bland Dramatens sex egna produktioner har Eirik Stub\u00f8 regisserat \u00bbDen goda viljan\u00ab, Suzanne Osten regidebuterar p\u00e5\u00a0\u00a0<\/p>\n<\/td>\n<td style=\"vertical-align: top; padding-right: 1%;\">\n<p>&nbsp;<\/p>\n<p><a href=\"https:\/\/teatertidningen.se\/wp-content\/uploads\/Foto-Dylan-Piaser.jpg\"><img loading=\"lazy\" class=\"alignnone wp-image-1303 size-medium\" src=\"https:\/\/teatertidningen.se\/wp-content\/uploads\/Foto-Dylan-Piaser-300x199.jpg\" alt=\"\" width=\"300\" height=\"199\" srcset=\"https:\/\/teatertidningen.se\/wp-content\/uploads\/Foto-Dylan-Piaser-300x199.jpg 300w, https:\/\/teatertidningen.se\/wp-content\/uploads\/Foto-Dylan-Piaser-1024x681.jpg 1024w\" sizes=\"(max-width: 300px) 100vw, 300px\" \/><\/a><\/p>\n<p><em>Foto: Dylan Piaser<\/em><\/p>\n<p>&nbsp;<\/p>\n<p>Dramaten med \u00bbFalla ur tiden\u00ab, Anna Pettersson ger sin dekonstruerande regitolkning av \u00bbHedda Gabler\u00ab och Mattias Andersson regisserar \u00bbDeformerad persona\u00ab. Dessutom har Dramaten&amp; ett program med samtal, f\u00f6rel\u00e4sningar, workshops och introduktioner till f\u00f6rest\u00e4llningarna. F\u00f6r mer information, se: www.dramaten.se\/bergmanfestival.<\/p>\n<p>&nbsp;<\/p>\n<p>&nbsp;<\/p>\n<p>&nbsp;<\/p>\n<p>&nbsp;<\/p>\n<p>&nbsp;<\/p>\n<p>&nbsp;<\/p>\n<\/td>\n<\/tr>\n<\/tbody>\n<\/table>\n<p>&nbsp;<\/p>\n","protected":false},"excerpt":{"rendered":"<p>Stockholm Dramaten inleder sin h\u00f6sts\u00e4song med Bergmanfestivalen, 25 augusti till 4 september. Festivalen tar avstamp i Ingmar Bergmans verk, men inneh\u00e5ller \u00e4ven s\u00e5dant som inte g\u00e5r att koppla till v\u00e5r k\u00e4nde teater- och filmman. Den \u00e4r ett led i att st\u00e4rka de internationella utbytena och samarbetena p\u00e5 Dramaten. Bland de internationella g\u00e4stspelen m\u00e4rks i \u00e5r [&hellip;]<\/p>\n","protected":false},"author":4,"featured_media":0,"comment_status":"closed","ping_status":"open","sticky":false,"template":"","format":"standard","meta":[],"categories":[3],"tags":[],"_links":{"self":[{"href":"https:\/\/teatertidningen.se\/index.php?rest_route=\/wp\/v2\/posts\/1301"}],"collection":[{"href":"https:\/\/teatertidningen.se\/index.php?rest_route=\/wp\/v2\/posts"}],"about":[{"href":"https:\/\/teatertidningen.se\/index.php?rest_route=\/wp\/v2\/types\/post"}],"author":[{"embeddable":true,"href":"https:\/\/teatertidningen.se\/index.php?rest_route=\/wp\/v2\/users\/4"}],"replies":[{"embeddable":true,"href":"https:\/\/teatertidningen.se\/index.php?rest_route=%2Fwp%2Fv2%2Fcomments&post=1301"}],"version-history":[{"count":9,"href":"https:\/\/teatertidningen.se\/index.php?rest_route=\/wp\/v2\/posts\/1301\/revisions"}],"predecessor-version":[{"id":1312,"href":"https:\/\/teatertidningen.se\/index.php?rest_route=\/wp\/v2\/posts\/1301\/revisions\/1312"}],"wp:attachment":[{"href":"https:\/\/teatertidningen.se\/index.php?rest_route=%2Fwp%2Fv2%2Fmedia&parent=1301"}],"wp:term":[{"taxonomy":"category","embeddable":true,"href":"https:\/\/teatertidningen.se\/index.php?rest_route=%2Fwp%2Fv2%2Fcategories&post=1301"},{"taxonomy":"post_tag","embeddable":true,"href":"https:\/\/teatertidningen.se\/index.php?rest_route=%2Fwp%2Fv2%2Ftags&post=1301"}],"curies":[{"name":"wp","href":"https:\/\/api.w.org\/{rel}","templated":true}]}}