{"id":1554,"date":"2018-01-23T09:52:58","date_gmt":"2018-01-23T08:52:58","guid":{"rendered":"https:\/\/teatertidningen.se\/?p=1554"},"modified":"2018-03-25T16:19:16","modified_gmt":"2018-03-25T14:19:16","slug":"standigt-denne-bergman","status":"publish","type":"post","link":"https:\/\/teatertidningen.se\/?p=1554","title":{"rendered":"St\u00e4ndigt denne Bergman"},"content":{"rendered":"<table style=\"width: 100%;\" border=\"0\">\n<tbody>\n<tr>\n<td style=\"width: 50%; padding-right: 4%; vertical-align: top;\">\n<p>Nu \u00e4r det dags f\u00f6r Bergman\u00e5ret. Hur har Ingmar Bergmans konstn\u00e4rliga arv p\u00e5verkat dagens regiss\u00f6rer? Det har vi fr\u00e5gat Linus Tunstr\u00f6m, Frida R\u00f6hl och Stefan Johansson om. Tunstr\u00f6m och R\u00f6hl problematiserar arvet efter Bergman, medan Stefan Johansson riktar in sig p\u00e5 Dramatens Bergmanfestival och uppmanar dem att \u00bbkapa navelstr\u00e4ngen\u00ab.<\/p>\n<p>I det h\u00e4r numret inleder vi en ny serie med trendspaningar p\u00e5 olika f\u00f6reteelser inom scenkonstv\u00e4rlden. V\u00e5r f\u00f6rsta spaning handlar om hur scenrummen kan komma att utvecklas. Fem scenografer och regiss\u00f6rer f\u00f6rs\u00f6ker blicka tio \u00e5r fram\u00e5t i tiden.<\/p>\n<p>Suffl\u00f6rernas yrkesroll \u00e4r visserligen undanskymd men viktig, d\u00e5 de utg\u00f6r en s\u00e4kerhetslina f\u00f6r sk\u00e5despelare och s\u00e5ngare. Vi reder ut vad suffl\u00f6rerna fyller f\u00f6r funktion i dagens scenkonst.<\/p>\n<p>Teaterkritikern Ylva Lagercrantz Spindler s\u00f6ker i den ena av numrets tv\u00e5 ess\u00e4er efter ett genusperspektiv p\u00e5 de sj\u00e4lvbiografiska monologer som har skrivits under 2000-talet, medan Christina Svens, lektor vid institutionen f\u00f6r kultur- och medievetenskaper vid Ume\u00e5 universitet, i den andra ess\u00e4n unders\u00f6ker hur teater kan bryta ny mark n\u00e4r det g\u00e4ller fr\u00e5gor kring m\u00e5ngfald och representation.<\/p>\n<p>I v\u00e5r chefsintervju ber\u00e4ttar Ada Berger, konstn\u00e4rlig ledare f\u00f6r\u00a0Unga Dramaten, att hon dras till teater som i grunden rymmer n\u00e5got gr\u00e4nst\u00e4njande och sm\u00e4rtsamt, men d\u00e4r det samtidigt finns komik.\u00a0<\/p>\n<p>&nbsp;<\/p>\n<p>&nbsp;<\/p>\n<\/td>\n<td style=\"padding-right: 1%; vertical-align: top;\">\n<p><a href=\"https:\/\/teatertidningen.se\/wp-content\/uploads\/TT-184-ORIGINAL-OMSLAG-web-500px.jpg\"><img loading=\"lazy\" class=\"alignnone wp-image-1562 size-medium\" src=\"https:\/\/teatertidningen.se\/wp-content\/uploads\/TT-184-ORIGINAL-OMSLAG-web-500px-221x300.jpg\" alt=\"\" width=\"221\" height=\"300\" srcset=\"https:\/\/teatertidningen.se\/wp-content\/uploads\/TT-184-ORIGINAL-OMSLAG-web-500px-221x300.jpg 221w, https:\/\/teatertidningen.se\/wp-content\/uploads\/TT-184-ORIGINAL-OMSLAG-web-500px.jpg 500w\" sizes=\"(max-width: 221px) 100vw, 221px\" \/><\/a><\/p>\n<p><i>Illustration<\/i><em>:\u00a0Adam Herlitz<\/em><\/p>\n<p>&nbsp;<\/p>\n<p>&nbsp;<\/p>\n<p>Programledaren och komikern Annika Lantz tar i numrets teaterkr\u00f6nika med l\u00e4saren p\u00e5 en resa genom olika minnesscener fr\u00e5n sitt f\u00f6rflutna i scenljuset.<\/p>\n<p>Efter den ryske, kontroversielle regiss\u00f6ren Kirill Serebrennikovs gripande i somras \u00e4r det idag oklart hur framtiden ser ut f\u00f6r den ryska teater som inte stryker regimen medh\u00e5rs. Vi presenterar Serebrennikov och hans teaterestetik.<\/p>\n<p>Numret pj\u00e4s \u00e4r \u00bbGl\u00e4ngtan\u00ab av Stefan \u00c5kesson, som har l\u00e5tit sig inspireras av boken \u00bbTr\u00e4dens hemliga liv\u00ab och kommit fram till att nyckelordet f\u00f6r v\u00e5r \u00f6verlevnad \u00e4r solidaritet.<\/p>\n<p>&nbsp;<\/p>\n<p>&nbsp;<\/p>\n<p>&nbsp;<\/p>\n<p>&nbsp;<\/p>\n<p>&nbsp;<\/p>\n<p>&nbsp;<\/p>\n<p>&nbsp;<\/p>\n<p>&nbsp;<\/p>\n<p>&nbsp;<\/p>\n<\/td>\n<\/tr>\n<\/tbody>\n<\/table>\n","protected":false},"excerpt":{"rendered":"<p>Nu \u00e4r det dags f\u00f6r Bergman\u00e5ret. Hur har Ingmar Bergmans konstn\u00e4rliga arv p\u00e5verkat dagens regiss\u00f6rer? Det har vi fr\u00e5gat Linus Tunstr\u00f6m, Frida R\u00f6hl och Stefan Johansson om. Tunstr\u00f6m och R\u00f6hl problematiserar arvet efter Bergman, medan Stefan Johansson riktar in sig p\u00e5 Dramatens Bergmanfestival och uppmanar dem att \u00bbkapa navelstr\u00e4ngen\u00ab. I det h\u00e4r numret inleder vi [&hellip;]<\/p>\n","protected":false},"author":4,"featured_media":0,"comment_status":"closed","ping_status":"open","sticky":false,"template":"","format":"standard","meta":[],"categories":[27,1,3],"tags":[],"_links":{"self":[{"href":"https:\/\/teatertidningen.se\/index.php?rest_route=\/wp\/v2\/posts\/1554"}],"collection":[{"href":"https:\/\/teatertidningen.se\/index.php?rest_route=\/wp\/v2\/posts"}],"about":[{"href":"https:\/\/teatertidningen.se\/index.php?rest_route=\/wp\/v2\/types\/post"}],"author":[{"embeddable":true,"href":"https:\/\/teatertidningen.se\/index.php?rest_route=\/wp\/v2\/users\/4"}],"replies":[{"embeddable":true,"href":"https:\/\/teatertidningen.se\/index.php?rest_route=%2Fwp%2Fv2%2Fcomments&post=1554"}],"version-history":[{"count":9,"href":"https:\/\/teatertidningen.se\/index.php?rest_route=\/wp\/v2\/posts\/1554\/revisions"}],"predecessor-version":[{"id":1565,"href":"https:\/\/teatertidningen.se\/index.php?rest_route=\/wp\/v2\/posts\/1554\/revisions\/1565"}],"wp:attachment":[{"href":"https:\/\/teatertidningen.se\/index.php?rest_route=%2Fwp%2Fv2%2Fmedia&parent=1554"}],"wp:term":[{"taxonomy":"category","embeddable":true,"href":"https:\/\/teatertidningen.se\/index.php?rest_route=%2Fwp%2Fv2%2Fcategories&post=1554"},{"taxonomy":"post_tag","embeddable":true,"href":"https:\/\/teatertidningen.se\/index.php?rest_route=%2Fwp%2Fv2%2Ftags&post=1554"}],"curies":[{"name":"wp","href":"https:\/\/api.w.org\/{rel}","templated":true}]}}