{"id":1600,"date":"2018-03-25T16:18:48","date_gmt":"2018-03-25T14:18:48","guid":{"rendered":"https:\/\/teatertidningen.se\/?p=1600"},"modified":"2018-06-19T16:03:06","modified_gmt":"2018-06-19T14:03:06","slug":"tid-att-blicka-framat","status":"publish","type":"post","link":"https:\/\/teatertidningen.se\/?p=1600","title":{"rendered":"Tid att blicka fram\u00e5t"},"content":{"rendered":"<table style=\"width: 100%;\" border=\"0\">\n<tbody>\n<tr>\n<td style=\"width: 50%; padding-right: 4%; vertical-align: top;\">\n<p>I det h\u00e4r numret funderar vi kring hur vi kan g\u00e5 vidare i arbetet mot sexuella trakasserier och skapa en f\u00f6r\u00e4ndring p\u00e5 sikt, i k\u00f6lvattnet av #metoo. Kulturjournalisten och teaterkritikern Anna Hedelius blickar b\u00e5de bak\u00e5t och fram\u00e5t och skriver om den oberoende gransknings- och \u00e5tg\u00e4rdskommission som har sj\u00f6satts inom teaterv\u00e4rlden, ang\u00e5ende sexuella trakasserier. Frida R\u00f6hl, konstn\u00e4rlig ledare f\u00f6r Folkteatern G\u00f6teborg, lyfter i sin artikel fram den obevekliga kollektiva kraft som l\u00e5g bakom #tystnadtagning och hela #metoo-r\u00f6relsen. I en enk\u00e4t fr\u00e5gar vi dessutom olika teaterledningar om hur de t\u00e4nker arbeta fram\u00f6ver f\u00f6r att motverka sexuella trakasserier.<\/p>\n<p>Vidare har vi tr\u00e4ffat Lars Nor\u00e9n i Paris f\u00f6r att tala om hans senaste upps\u00e4ttning p\u00e5 Com\u00e9die-Fran\u00e7aise, samt om teatern, livet och d\u00f6den. I numrets trendspaning fr\u00e5gar vi n\u00e5gra ledargestalter inom svensk scenkonst hur teatrarna ska n\u00e5 sin publik om tio \u00e5r. I v\u00e5r chefsintervju ber\u00e4ttar Anna Sj\u00f6vall, konstn\u00e4rlig ledare och vd f\u00f6r Teater Halland, att hon vill arbeta med sn\u00e4lla m\u00e4nniskor och tydliga strukturer. Och i v\u00e5r internationella utblick presenterar vi schweiziske regiss\u00f6ren Milo Rau, som nu har blivit chef f\u00f6r nationalteatern i Gent.<\/p>\n<p>&nbsp;<\/p>\n<p>&nbsp;<\/p>\n<\/td>\n<td style=\"padding-right: 1%; vertical-align: top;\">\n<p><a href=\"https:\/\/teatertidningen.se\/wp-content\/uploads\/TT-185-Omslag-500px.jpg\"><img loading=\"lazy\" class=\"alignnone wp-image-1598 size-medium\" src=\"https:\/\/teatertidningen.se\/wp-content\/uploads\/TT-185-Omslag-500px-222x300.jpg\" alt=\"\" width=\"222\" height=\"300\" srcset=\"https:\/\/teatertidningen.se\/wp-content\/uploads\/TT-185-Omslag-500px-222x300.jpg 222w, https:\/\/teatertidningen.se\/wp-content\/uploads\/TT-185-Omslag-500px.jpg 500w\" sizes=\"(max-width: 222px) 100vw, 222px\" \/><\/a><\/p>\n<p><em>Foto: M\u00e4rtha Thisner\u00a0<\/em><\/p>\n<p>&nbsp;<\/p>\n<p>&nbsp;<\/p>\n<p>Dramatikern och regiss\u00f6ren Jens Peter Karlsson utg\u00e5r i sin artikel fr\u00e5n sociologen Georg Simmels tankar om triaden och \u00f6verf\u00f6r det till teaterns v\u00e4rld \u2013 att full\u00f6dig dramatik kr\u00e4ver minst tre sk\u00e5despelare p\u00e5 scen. Medan filmkritikern och programledaren Fredrik Sahlin skriver i sin teaterkr\u00f6nika att han kan ha sv\u00e5rt f\u00f6r det teatrala men i grunden \u00e4nd\u00e5 tycker om teater. I alla fall n\u00e4r han f\u00e5r se den i n\u00e4rbild.<\/p>\n<p>Numret pj\u00e4s \u00e4r \u00bbN\u00e4r knoppar brister\u00ab, av dramatikern och dramaturgen Moa Backman, som sammanf\u00f6r Karin Boyes k\u00e4nda dikter med ton\u00e5rsv\u00e4rldens internetuttryck och ber\u00e4ttar en historia om att s\u00f6ka sig sj\u00e4lv och att \u00f6verbrygga ensamhet.<\/p>\n<p>&nbsp;<\/p>\n<p>&nbsp;<\/p>\n<p>&nbsp;<\/p>\n<p>&nbsp;<\/p>\n<p>&nbsp;<\/p>\n<p>&nbsp;<\/p>\n<p>&nbsp;<\/p>\n<p>&nbsp;<\/p>\n<p>&nbsp;<\/p>\n<\/td>\n<\/tr>\n<\/tbody>\n<\/table>\n","protected":false},"excerpt":{"rendered":"<p>I det h\u00e4r numret funderar vi kring hur vi kan g\u00e5 vidare i arbetet mot sexuella trakasserier och skapa en f\u00f6r\u00e4ndring p\u00e5 sikt, i k\u00f6lvattnet av #metoo. Kulturjournalisten och teaterkritikern Anna Hedelius blickar b\u00e5de bak\u00e5t och fram\u00e5t och skriver om den oberoende gransknings- och \u00e5tg\u00e4rdskommission som har sj\u00f6satts inom teaterv\u00e4rlden, ang\u00e5ende sexuella trakasserier. Frida R\u00f6hl, [&hellip;]<\/p>\n","protected":false},"author":4,"featured_media":0,"comment_status":"closed","ping_status":"open","sticky":false,"template":"","format":"standard","meta":[],"categories":[27,3],"tags":[],"_links":{"self":[{"href":"https:\/\/teatertidningen.se\/index.php?rest_route=\/wp\/v2\/posts\/1600"}],"collection":[{"href":"https:\/\/teatertidningen.se\/index.php?rest_route=\/wp\/v2\/posts"}],"about":[{"href":"https:\/\/teatertidningen.se\/index.php?rest_route=\/wp\/v2\/types\/post"}],"author":[{"embeddable":true,"href":"https:\/\/teatertidningen.se\/index.php?rest_route=\/wp\/v2\/users\/4"}],"replies":[{"embeddable":true,"href":"https:\/\/teatertidningen.se\/index.php?rest_route=%2Fwp%2Fv2%2Fcomments&post=1600"}],"version-history":[{"count":1,"href":"https:\/\/teatertidningen.se\/index.php?rest_route=\/wp\/v2\/posts\/1600\/revisions"}],"predecessor-version":[{"id":1601,"href":"https:\/\/teatertidningen.se\/index.php?rest_route=\/wp\/v2\/posts\/1600\/revisions\/1601"}],"wp:attachment":[{"href":"https:\/\/teatertidningen.se\/index.php?rest_route=%2Fwp%2Fv2%2Fmedia&parent=1600"}],"wp:term":[{"taxonomy":"category","embeddable":true,"href":"https:\/\/teatertidningen.se\/index.php?rest_route=%2Fwp%2Fv2%2Fcategories&post=1600"},{"taxonomy":"post_tag","embeddable":true,"href":"https:\/\/teatertidningen.se\/index.php?rest_route=%2Fwp%2Fv2%2Ftags&post=1600"}],"curies":[{"name":"wp","href":"https:\/\/api.w.org\/{rel}","templated":true}]}}