{"id":1775,"date":"2019-03-22T15:32:58","date_gmt":"2019-03-22T14:32:58","guid":{"rendered":"https:\/\/teatertidningen.se\/?p=1775"},"modified":"2019-10-11T10:07:16","modified_gmt":"2019-10-11T08:07:16","slug":"konsten-att-sta-fri","status":"publish","type":"post","link":"https:\/\/teatertidningen.se\/?p=1775","title":{"rendered":"Konsten att st\u00e5 fri"},"content":{"rendered":"<table style=\"width: 100%;\" border=\"0\">\n<tbody>\n<tr>\n<td style=\"width: 50%; padding-right: 4%; vertical-align: top;\">\n<p>I det h\u00e4r numret har vi f\u00f6rt samman regiss\u00f6ren, dramatikern och aktivisten America Vera-Zavala med M\u00e5ns Lagerl\u00f6f som har l\u00e4mnat sin chefsposition p\u00e5 Riksteatern f\u00f6r att jobba p\u00e5 Naturskyddsf\u00f6reningen som kanslichef. Det blir ett samtal om hur man p\u00e5 l\u00e4mpligast s\u00e4tt f\u00f6rs\u00f6ker f\u00f6r\u00e4ndra v\u00e4rlden \u2013 via teatern eller via aktivismen. Men ocks\u00e5 om problemen med en instrumentell teatersyn och vad det finns f\u00f6r hot mot konstens frihet idag.<\/p>\n<p>Den brittiska regiss\u00f6ren Katie Mitchell har uppm\u00e4rksammats f\u00f6r sina nyskapande teaterproduktioner d\u00e4r hon sammanf\u00f6r teater och film. I v\u00e5r intervju ber\u00e4ttar hon om sitt s\u00e4tt att arbeta med, och sin syn p\u00e5, teater.<\/p>\n<p>Th\u00e9\u00e2tre du Soleils och Robert Lepages projekt \u00bbKanata\u00ab, d\u00e4r de skildrar Kanadas ursprungsbefolkning, blev minst sagt ifr\u00e5gasatt redan innan sin premi\u00e4r. Det uppstod en diskussion om kulturell appropriering. Vi skriver om den kontroversiella upps\u00e4ttningen.<\/p>\n<p>Vi har ocks\u00e5 bes\u00f6kt en internationell konferens f\u00f6r kvinnliga dramatiker, WPIC, som nu senast h\u00f6lls i Chile. Vad har egentligen kvinnliga dramatiker v\u00e4rlden \u00f6ver gemensamt och vad betyder denna m\u00f6jlighet till n\u00e4tverkande f\u00f6r dem?<\/p>\n<p>Det poddas f\u00f6r fullt, \u00e4ven inom teatern. Vi g\u00e5r igenom n\u00e5gra intressanta teaterpoddar och vilka f\u00f6ruts\u00e4ttningar som r\u00e5der f\u00f6r att driva en podd.<\/p>\n<p>&nbsp;<\/p>\n<p>&nbsp;<\/p>\n<p>&nbsp;<\/p>\n<p>&nbsp;<\/p>\n<p>&nbsp;<\/p>\n<p>&nbsp;<\/p>\n<p>&nbsp;<\/p>\n<\/td>\n<td style=\"padding-right: 1%; vertical-align: top;\">\n<p><a href=\"https:\/\/teatertidningen.se\/wp-content\/uploads\/TT-190-omslag-500px-web.jpg\"><img loading=\"lazy\" class=\"alignleft wp-image-1773\" src=\"https:\/\/teatertidningen.se\/wp-content\/uploads\/TT-190-omslag-500px-web-222x300.jpg\" alt=\"\" width=\"250\" height=\"338\" srcset=\"https:\/\/teatertidningen.se\/wp-content\/uploads\/TT-190-omslag-500px-web-222x300.jpg 222w, https:\/\/teatertidningen.se\/wp-content\/uploads\/TT-190-omslag-500px-web.jpg 500w\" sizes=\"(max-width: 250px) 100vw, 250px\" \/><\/a><\/p>\n<p><em>Foto:\u00a0Stephen Cummiskey<\/em><\/p>\n<p>&nbsp;<\/p>\n<p>&nbsp;<\/p>\n<p>I numrets teaterspaning fr\u00e5gar vi n\u00e5gra sk\u00e5despelare, regiss\u00f6rer, teaterchefer samt Teaterf\u00f6rbundets ordf\u00f6rande hur arbetsvillkoren kommer se ut om 20 \u00e5r inom Teatersverige. Och i teaterkr\u00f6nikan tar Thorbj\u00f6rn T\u00e4nnsj\u00f6, professor emeritus i praktisk filosofi, avstamp i Mefistofiguren i Goethes \u00bbFaust\u00ab och v\u00e4cker fr\u00e5gan om det \u00e4r m\u00f6jligt att medvetet str\u00e4va efter det onda.<\/p>\n<p>Dramatikern och regiss\u00f6ren Monica Wilderoth har skrivit numrets pj\u00e4s \u00bbLupinerna\u00ab \u2013 om flickan Janna, uppv\u00e4xt i ett miljonprogramsomr\u00e5de \u2013 som \u00e4r byggd p\u00e5 intervjuer med en m\u00e4ngd kvinnor om vad frihet \u00e4r f\u00f6r dem.<\/p>\n<p>&nbsp;<\/p>\n<p>&nbsp;<\/p>\n<p>&nbsp;<\/p>\n<p>&nbsp;<\/p>\n<p>&nbsp;<\/p>\n<p>&nbsp;<\/p>\n<p>&nbsp;<\/p>\n<p>&nbsp;<\/p>\n<p>&nbsp;<\/p>\n<p>&nbsp;<\/p>\n<p>&nbsp;<\/p>\n<\/td>\n<\/tr>\n<\/tbody>\n<\/table>\n","protected":false},"excerpt":{"rendered":"<p>I det h\u00e4r numret har vi f\u00f6rt samman regiss\u00f6ren, dramatikern och aktivisten America Vera-Zavala med M\u00e5ns Lagerl\u00f6f som har l\u00e4mnat sin chefsposition p\u00e5 Riksteatern f\u00f6r att jobba p\u00e5 Naturskyddsf\u00f6reningen som kanslichef. Det blir ett samtal om hur man p\u00e5 l\u00e4mpligast s\u00e4tt f\u00f6rs\u00f6ker f\u00f6r\u00e4ndra v\u00e4rlden \u2013 via teatern eller via aktivismen. Men ocks\u00e5 om problemen med [&hellip;]<\/p>\n","protected":false},"author":4,"featured_media":0,"comment_status":"closed","ping_status":"open","sticky":false,"template":"","format":"standard","meta":[],"categories":[3],"tags":[],"_links":{"self":[{"href":"https:\/\/teatertidningen.se\/index.php?rest_route=\/wp\/v2\/posts\/1775"}],"collection":[{"href":"https:\/\/teatertidningen.se\/index.php?rest_route=\/wp\/v2\/posts"}],"about":[{"href":"https:\/\/teatertidningen.se\/index.php?rest_route=\/wp\/v2\/types\/post"}],"author":[{"embeddable":true,"href":"https:\/\/teatertidningen.se\/index.php?rest_route=\/wp\/v2\/users\/4"}],"replies":[{"embeddable":true,"href":"https:\/\/teatertidningen.se\/index.php?rest_route=%2Fwp%2Fv2%2Fcomments&post=1775"}],"version-history":[{"count":3,"href":"https:\/\/teatertidningen.se\/index.php?rest_route=\/wp\/v2\/posts\/1775\/revisions"}],"predecessor-version":[{"id":1778,"href":"https:\/\/teatertidningen.se\/index.php?rest_route=\/wp\/v2\/posts\/1775\/revisions\/1778"}],"wp:attachment":[{"href":"https:\/\/teatertidningen.se\/index.php?rest_route=%2Fwp%2Fv2%2Fmedia&parent=1775"}],"wp:term":[{"taxonomy":"category","embeddable":true,"href":"https:\/\/teatertidningen.se\/index.php?rest_route=%2Fwp%2Fv2%2Fcategories&post=1775"},{"taxonomy":"post_tag","embeddable":true,"href":"https:\/\/teatertidningen.se\/index.php?rest_route=%2Fwp%2Fv2%2Ftags&post=1775"}],"curies":[{"name":"wp","href":"https:\/\/api.w.org\/{rel}","templated":true}]}}