{"id":1785,"date":"2019-03-26T12:23:24","date_gmt":"2019-03-26T11:23:24","guid":{"rendered":"https:\/\/teatertidningen.se\/?p=1785"},"modified":"2019-03-26T12:23:24","modified_gmt":"2019-03-26T11:23:24","slug":"teaterpoddar-ger-plats-for-efterlangtad-fordjupning-ur-nummer-12019","status":"publish","type":"post","link":"https:\/\/teatertidningen.se\/?p=1785","title":{"rendered":"Teaterpoddar ger plats f\u00f6r efterl\u00e4ngtad f\u00f6rdjupning (ur nummer 1\/2019)"},"content":{"rendered":"<p><a href=\"https:\/\/teatertidningen.se\/wp-content\/uploads\/FullSizeRender.jpg\"><br \/><img loading=\"lazy\" class=\"aligncenter wp-image-1784\" src=\"https:\/\/teatertidningen.se\/wp-content\/uploads\/FullSizeRender-300x225.jpg\" alt=\"FullSizeRender\" width=\"400\" height=\"300\" srcset=\"https:\/\/teatertidningen.se\/wp-content\/uploads\/FullSizeRender-300x225.jpg 300w, https:\/\/teatertidningen.se\/wp-content\/uploads\/FullSizeRender-1024x768.jpg 1024w, https:\/\/teatertidningen.se\/wp-content\/uploads\/FullSizeRender.jpg 2016w\" sizes=\"(max-width: 400px) 100vw, 400px\" \/><\/a><\/p>\n<p>&nbsp;<\/p>\n<p>Karin Helander och Rebecca \u00d6rtman \u00e4r programledare f\u00f6r Scenpodden, som drivs av RATS Teater. H\u00e4r samtalar de med Nils Poletti om fria grupper.<\/p>\n<p><em>Foto: Scenpodden\u00a0<\/em><\/p>\n<p>&nbsp;<\/p>\n<p>&nbsp;<\/p>\n<p>&nbsp;<\/p>\n<p><strong>Det goda samtalet. Det \u00e4r utg\u00e5ngspunkten f\u00f6r m\u00e5nga teaterpoddar som ofta fokuserar p\u00e5 djupintervjuer med scenkonstens ut\u00f6vare. Men det mesta av arbetet sker ideellt \u2013 och allt f\u00e4rre orkar forts\u00e4tta, konstaterar Ylva Lagercrantz Spindler, som har tittat n\u00e4rmare p\u00e5 poddar f\u00f6r teaterintresserade.<\/strong><\/p>\n<p>&nbsp;<\/p>\n<p>Den startade som en f\u00f6rhoppning om nya och storartade m\u00f6jligheter: podcasten eller poddradion som den kallas i en f\u00f6rsvenskad version.<\/p>\n<p>\u00a0Det svenska genombrottet f\u00f6r detta f\u00f6renklade s\u00e4tt att s\u00e4nda radio via ljudfiler p\u00e5 internet kom s\u00e5 tidigt som 2006. Det var i samma veva som den s\u00e5 kallade medied\u00f6den, genererad av den v\u00e4xande digitaliseringen som pl\u00f6tsligt gjorde det allt enklare att publicera nyheter gratis p\u00e5 n\u00e4tet, varp\u00e5 papperstidningarna med sina dyra prenumerationer tappade i konkurrenskraft.<\/p>\n<p>\u00a0Snart sagt fanns d\u00e4r en podd f\u00f6r varje smak och specialintresse, med m\u00f6jlighet f\u00f6r lyssnare att grotta ner sig i timsl\u00e5nga avsnitt om bara en enda sak: poddar om folktro, ufon, hundar, konspirationsteorier, r\u00e4tteg\u00e5ngar, historia, bildning och s\u00e5 vidare \u2013 fantasin satte inga gr\u00e4nser.<\/p>\n<p>&nbsp;<\/p>\n<blockquote>\n<p>Nu kunde \u00e4ven teaterbranschen ta bevakningen i egna h\u00e4nder och d\u00e4rmed slippa tjata \u00f6ronen av pressade kulturredaktioner med allt mindre resurser att bevaka just scenkonsten.<\/p>\n<\/blockquote>\n<p>&nbsp;<\/p>\n<p>Nu kunde \u00e4ven teaterbranschen ta bevakningen i egna h\u00e4nder och d\u00e4rmed slippa tjata \u00f6ronen av pressade kulturredaktioner med allt mindre resurser att bevaka just scenkonsten. Efter att redan ha tagit bloggosf\u00e4ren och sociala medier i anspr\u00e5k f\u00f6r en mer kostnadseffektiv marknadsf\u00f6ring, kunde teaterbranschen nu ocks\u00e5 g\u00f6ra alla de d\u00e4r f\u00f6rdjupade intervjuerna och analyserna i radioform, de som det idag finns allt mindre av i dagspressen.<\/p>\n<p>\u00a0Men det kom att dr\u00f6ja n\u00e5gra \u00e5r innan teaterbranschen p\u00e5 allvar b\u00f6rjade omfamna det nya mediet.<\/p>\n<p>\u00a0Det var runt 2014 som det blev tydligt att det snart inte fanns en enda teaterinstitution v\u00e4rd namnet som inte startade en egen podcast. Vid sidan av det fanns de fria akt\u00f6rerna: f\u00f6retr\u00e4desvis sk\u00e5despelare och frilanskritiker, de som p\u00e5 eget initiativ startade poddar utanf\u00f6r arbetstid, fr\u00e5n sk\u00e5despelarna Julia Dufvenius och Anja Lundqvists \u00bbAnna och Julias podcast \u2013 hemligheter, l\u00f6gner och en hel del sanningar\u00ab till kritikerna Cecilia Djurberg och Loretta Loretto Villalobos \u00bbKritcirkeln\u00ab, b\u00e5da nu h\u00e4dang\u00e5ngna, men med m\u00e5nga gamla program som fortfarande g\u00e5r att lyssna p\u00e5.<\/p>\n<p>\u00a0Parallellt med dessa fortsatte public service-\u00e4gda Sveriges Radio att utveckla det nya radiofenomenet f\u00f6r envar, och ins\u00e5g att om de skulle vinna kampen om lyssnarna, s\u00e5 m\u00e5ste \u00e4ven den traditionella radion \u00e4n mer ge sig in i poddv\u00e4rlden. Lite meta, kan man tycka, men \u00e4ven h\u00e4r verkar tanken ha varit att skapa f\u00f6rdjupning vid sidan av nyhetsfl\u00f6det. Idag finns det en uppsj\u00f6 av egenproducerade poddar p\u00e5 SR, fr\u00e5n \u00bbBergmanpodden\u00ab till \u00bbLoppmarknadspodden\u00ab.<\/p>\n<p>\u00a0Men s\u00e5 pl\u00f6tsligt h\u00e4nde n\u00e5got. Ungef\u00e4r i h\u00f6jd med 2017 uppdaterades m\u00e5nga svenska teaterpoddar med allt st\u00f6rre mellanrum \u00ad\u2013 f\u00f6r att till slut f\u00f6rsvinna helt. Av de st\u00f6rre obundna teaterpoddarna kvarst\u00e5r idag bara ett f\u00e5tal envetna, som \u00bbScenpodden\u00ab. Och bland teatrarna, exempelvis pigga Uppsala stadsteaters podd \u00bbAppl\u00e5d\u00ab och nu \u00e5ter \u00e4ven Dramatens podd, efter ett l\u00e4ngre uppeh\u00e5ll.<\/p>\n<p>\u00a0Med regelbundenhet menar jag att det s\u00e4nds ett nytt program \u00e5tminstone en g\u00e5ng per m\u00e5nad. Det blir allt mindre vanligt bland de fria akt\u00f6rerna, samtidigt som poddar i st\u00f6rsta allm\u00e4nhet b\u00e5de v\u00e4xer och frodas. S\u00e4rskilt inom n\u00f6jesindustrin, med k\u00e4ndisduos som Alex och Sigges podcast med \u00f6ver 200 000 lyssnare i m\u00e5naden, vilka dessutom lyckas fylla scener som Rival med sina lives\u00e4ndningar.\u00a0<\/p>\n<p>&nbsp;<\/p>\n<blockquote>\n<p>F\u00f6rhoppningen var\u00a0att lyssnaren skulle f\u00e5 st\u00f6rre kunskap och ett\u00a0\u00f6kat intresse f\u00f6r scenkonst.\u00a0Vi var ocks\u00e5 nyfikna p\u00e5 hur\u00a0scenkonstn\u00e4rer sj\u00e4lva beskriver sin praktik.\u00ab\u00a0<\/p>\n<p>Rebecca \u00d6rtman\u00a0<\/p>\n<\/blockquote>\n<p>&nbsp;<\/p>\n<p>Rebecca \u00d6rtman \u00e4r tillsammans med Karin Helander programledare f\u00f6r Scenpodden, som drivs av RATS Teater, en forskningsscen vid Stockholms universitet. Rebecca \u00d6rtman ber\u00e4ttar att de startade podden f\u00f6r att de ville f\u00f6rdjupa f\u00f6rst\u00e5elsen av scenkonstn\u00e4rers arbeta och s\u00e4tta det i ett st\u00f6rre perspektiv.<\/p>\n<p>\u2013 F\u00f6rhoppningen var\u00a0att lyssnaren skulle f\u00e5 st\u00f6rre kunskap och ett\u00a0\u00f6kat intresse f\u00f6r scenkonst.\u00a0Vi var ocks\u00e5 nyfikna p\u00e5 hur\u00a0scenkonstn\u00e4rer sj\u00e4lva beskriver sin praktik.\u00a0<\/p>\n<p>Anledningen till att de vill forts\u00e4tta driva podden \u00e4r att de tycker det \u00e4r v\u00e4ldigt roligt att m\u00f6ta och synligg\u00f6ra den kraft som finns i scenkonsten.<\/p>\n<p>\u2013 Vi hoppas ocks\u00e5 att den samlade kunskapen ingjuter ett\u00a0sj\u00e4lvf\u00f6rtroende i branschen.\u00a0<\/p>\n<p>Jag har sj\u00e4lv en k\u00e4nsla av att m\u00e5nga andra scenkonstpoddar antingen har slutat att uppdateras regelbundet eller lagts ner helt. Rebecca \u00d6rtman tror det beror p\u00e5 att det \u00e4r sv\u00e5rt att driva poddar kontinuerligt.<\/p>\n<p>\u2013 Scenpodden produceras i samarbete med Humanistiska fakulteten p\u00e5 Stockholms universitet och\u00a0det ger b\u00e5de legitimitet och m\u00f6jlighet att utvecklas l\u00e5ngsiktigt. Vi fokuserar ocks\u00e5 fr\u00e4mst\u00a0p\u00e5 \u00e4mnet och inte p\u00e5\u00a0person eller enskilda upps\u00e4ttningar,\u00a0det g\u00f6r att podden \u00e4r tidl\u00f6s och inte s\u00e5 k\u00e4nslig f\u00f6r snabba kast. Vi \u00e4r aktuella en l\u00e4ngre tid och kan f\u00f6rdjupa samtalet kontinuerligt.\u00a0<\/p>\n<p>&nbsp;<\/p>\n<p>&nbsp;<\/p>\n<p><a href=\"https:\/\/teatertidningen.se\/wp-content\/uploads\/IMG_0477.jpg\"><br \/><img loading=\"lazy\" class=\"aligncenter wp-image-1789\" src=\"https:\/\/teatertidningen.se\/wp-content\/uploads\/IMG_0477-300x225.jpg\" alt=\"IMG_0477\" width=\"500\" height=\"375\" srcset=\"https:\/\/teatertidningen.se\/wp-content\/uploads\/IMG_0477-300x225.jpg 300w, https:\/\/teatertidningen.se\/wp-content\/uploads\/IMG_0477-1024x768.jpg 1024w\" sizes=\"(max-width: 500px) 100vw, 500px\" \/><\/a><\/p>\n<p>&nbsp;<\/p>\n<p>Rebecca \u00d6rtman och Karin Helander samtalar med Christer Lindarw om drag, i Scenpodden.<\/p>\n<p><em>Foto: Scenpodden<\/em><\/p>\n<p>&nbsp;<\/p>\n<p>&nbsp;<\/p>\n<p>En anledning till att de scenpoddar som initierats av fria akt\u00f6rer \u00e4r p\u00e5 v\u00e4g bort \u00e4r f\u00f6rst\u00e5s att som privatperson kr\u00e4vs det sannolikt m\u00e5nga timmar av ideellt arbete och engagemang f\u00f6r att driva en podcast. Det vet sk\u00e5despelarna Julia Dufvenius och Anja Lundqvist som redan 2014 startade sin tidigare n\u00e4mnda podd. \u00a0<\/p>\n<p>I en intervju jag gjorde med Julia Dufvenius 2016 (Scen &amp; Film) ber\u00e4ttar hon att id\u00e9n till att starta en podd f\u00f6ddes ur en l\u00e4ngtan efter att f\u00e5 skapa n\u00e5got p\u00e5 egna villkor.<br \/> \u00a0\u00a0 \u2013 Vi ville g\u00f6ra en produkt d\u00e4r vi inte var beroende av andra. Sj\u00e4lv visste jag inte ens vad en podd var utan id\u00e9n var Anjas, men jag ins\u00e5g sedan att v\u00e5ra r\u00f6ster inte fanns d\u00e4r, det vill s\u00e4ga kvinnor i v\u00e5r \u00e5lder, sa Julia Dufvenius d\u00e5.<\/p>\n<p>\u00a0Ambitionen med podden var att ge ett mer personligt och vardagligt perspektiv p\u00e5 sk\u00e5despelaryrket, en annan att \u00e4ndra p\u00e5 vad de uppfattade som en alltf\u00f6r glamour\u00f6s bild av sk\u00e5depelaren, reproducerad i media. Men ocks\u00e5 att ge andra perspektiv p\u00e5 teaterns kvinnoportr\u00e4tt som de tyckte alltf\u00f6r ofta var destruktiva och passiva.<\/p>\n<p>\u00a0\u00a0 \u2013 Just d\u00e5 s\u00f6kte vi mycket ljuset i livet medan det vi ber\u00e4ttar p\u00e5 teatern ofta reproducerar ruttna k\u00f6nsroller d\u00e4r kvinnan helst ska d\u00f6, f\u00f6rg\u00e5s eller bli hora om hon g\u00f6r n\u00e5got fel.<\/p>\n<p>\u00a0114 avsnitt och 15 000 lyssnare senare lades den ner. Anledningen var att en tillt\u00e4nkt sponsring som de planerat f\u00f6r uteblev.<\/p>\n<p>\u00a0De riktigt bra och ambiti\u00f6sa poddarna hittar man numera ist\u00e4llet utomlands, inte minst i stora teaterst\u00e4der, som London och Berlin. En s\u00e5dan tur d\u00e5 att de \u00e4r n\u00e5bara f\u00f6r alla, oavsett geografisk tillh\u00f6righet.<\/p>\n<p>\u00a0Nedan listar jag tre intressanta svenska teaterpoddar och tre utl\u00e4ndska. Men d\u00e4r finns f\u00f6rst\u00e5s o\u00e4ndligt m\u00e5nga fler att uppt\u00e4cka f\u00f6r den som letar, exempelvis p\u00e5 adresser som podcasts.se (svenska) och player.fm (utl\u00e4ndska).<\/p>\n<p>&nbsp;<\/p>\n<p>&nbsp;<\/p>\n<p>&nbsp;<\/p>\n<p><strong>Tre svenska teaterpoddar:<\/strong><\/p>\n<p>&nbsp;<\/p>\n<p>Teaterprogrammet:<\/p>\n<p>Saknar du SR:s Teaterprogrammet? Lugn, alla 123 avsnitten finns ocks\u00e5 i en podd med samma namn. Med eminenta kulturjournalisten Anneli Dufva som programledare, numera dramaturg och redakt\u00f6r p\u00e5 Dramaten. I det sista programmet som s\u00e4ndes i juni 2018 intervjuas sk\u00e5despelaren Sofia Helin (juni 2018).\u00a0<\/p>\n<p>&nbsp;<\/p>\n<p>Scenpodden:<\/p>\n<p>Scenpodden drivs av RATS Teater, en forskningsscen vid Stockholms universitet. Programledare \u00e4r regiss\u00f6ren Rebecca \u00d6rtman och teaterprofessor Karin Helander, sistn\u00e4mnda tillika teaterkritiker i Svenska Dagbladet. Nya avsnitt dyker upp varannan vecka. I det senaste intervjuas Tiina Rosenberg, professor i teatervetenskap.<\/p>\n<p>&nbsp;<\/p>\n<p>Appl\u00e5d &#8211; Uppsala stadsteaters podcast:<br \/> Uppsala stadsteater har, i likhet med flera andra st\u00f6rre teaterinstitutioner, en ambiti\u00f6s podcast d\u00e4r aktuella teaterut\u00f6vare i huset intervjuas. I det senaste avsnittet kan lyssnaren f\u00e5 h\u00f6ra Marianne Lindberg de Geer, aktuell p\u00e5 Stadsteatern med regin av \u00bbFlickv\u00e4nnen\u00ab, baserad p\u00e5 Karolina Ramqvists roman med samma namn.<\/p>\n<p>&nbsp;<\/p>\n<p><strong>Tre utl\u00e4ndska podcasts:<\/strong><\/p>\n<p>&nbsp;<\/p>\n<p>Der Theaterpodcast:<\/p>\n<p>F\u00f6r teaterintresserade som beh\u00e4rskar tyska \u00e4r detta en guldgruva. Programledare \u00e4r tv\u00e5 teaterredakt\u00f6rer fr\u00e5n Deutschlandfunk Kultur respektive Nachtkritik som varje m\u00e5nad sl\u00e4pper ett avsnitt d\u00e4r det bjuds p\u00e5 allt fr\u00e5n het, tysk debatt om Metoo till initierade samtal. S\u00e4rskilt intressant \u00e4r ett program\u00a0om krisen p\u00e5 Tanztheater Wuppertal och Adolphe Binder, tidigare konstn\u00e4rlig ledare f\u00f6r G\u00f6teborgsoperans danskompani, som sparkades fr\u00e5n chefsposten i somras.<\/p>\n<p>&nbsp;<\/p>\n<p>&nbsp;<\/p>\n<p>Backstage &#8211; National Theatres podcast:<\/p>\n<p>Med en n\u00e5gorlunda regelbundenhet uppdaterar National Theatre i London sin podcast som egentligen bara \u00e4r n\u00e5got s\u00e5 enkelt som liveinspelningar fr\u00e5n deras olika teatersamtal (ett koncept som Dramaten nu ocks\u00e5 k\u00f6r och fler borde g\u00f6ra), men inte desto mindre intressant. I det senaste intervjuas dramatikern David Hare som talar om sin nya pj\u00e4s, \u00bbI\u00b4m not running\u00ab, vilken spelades p\u00e5 teatern i januari.<\/p>\n<h2>\u00a0<\/h2>\n<p>As Yet Unnamed London Theatre Podcast:<\/p>\n<p>Med publiken i centrum driver n\u00e5gra entusiaster den kanske mest demokratiska av alla poddar, As yet unnamed London theatre podcast. H\u00e4r diskuteras aktuella upps\u00e4ttningar i London utifr\u00e5n publikens perspektiv. Medverkar g\u00f6r till synes teaterbloggare snarare \u00e4n professionella kritiker. En n\u00e5got spretig podcast, men roande med all entusiasm.<\/p>\n<p>&nbsp;<\/p>\n<p>&nbsp;<\/p>\n<p><strong>Ylva Lagercrantz Spindler<\/strong><\/p>\n<p>&nbsp;<\/p>\n<p>&nbsp;<\/p>\n<p>Artikeln \u00e4r tidigare publicerad i nummer 1\/2019 av Teatertidningen, som g\u00e5r att best\u00e4lla h\u00e4r: <a href=\"https:\/\/teatertidningen.se\/?page_id=826\">https:\/\/teatertidningen.se\/?page_id=826<\/a><\/p>\n<p>&nbsp;<\/p>\n<p>&nbsp;<\/p>\n","protected":false},"excerpt":{"rendered":"<p>&nbsp; Karin Helander och Rebecca \u00d6rtman \u00e4r programledare f\u00f6r Scenpodden, som drivs av RATS Teater. H\u00e4r samtalar de med Nils Poletti om fria grupper. Foto: Scenpodden\u00a0 &nbsp; &nbsp; &nbsp; Det goda samtalet. Det \u00e4r utg\u00e5ngspunkten f\u00f6r m\u00e5nga teaterpoddar som ofta fokuserar p\u00e5 djupintervjuer med scenkonstens ut\u00f6vare. Men det mesta av arbetet sker ideellt \u2013 och [&hellip;]<\/p>\n","protected":false},"author":4,"featured_media":0,"comment_status":"closed","ping_status":"open","sticky":false,"template":"","format":"standard","meta":[],"categories":[9],"tags":[],"_links":{"self":[{"href":"https:\/\/teatertidningen.se\/index.php?rest_route=\/wp\/v2\/posts\/1785"}],"collection":[{"href":"https:\/\/teatertidningen.se\/index.php?rest_route=\/wp\/v2\/posts"}],"about":[{"href":"https:\/\/teatertidningen.se\/index.php?rest_route=\/wp\/v2\/types\/post"}],"author":[{"embeddable":true,"href":"https:\/\/teatertidningen.se\/index.php?rest_route=\/wp\/v2\/users\/4"}],"replies":[{"embeddable":true,"href":"https:\/\/teatertidningen.se\/index.php?rest_route=%2Fwp%2Fv2%2Fcomments&post=1785"}],"version-history":[{"count":15,"href":"https:\/\/teatertidningen.se\/index.php?rest_route=\/wp\/v2\/posts\/1785\/revisions"}],"predecessor-version":[{"id":1801,"href":"https:\/\/teatertidningen.se\/index.php?rest_route=\/wp\/v2\/posts\/1785\/revisions\/1801"}],"wp:attachment":[{"href":"https:\/\/teatertidningen.se\/index.php?rest_route=%2Fwp%2Fv2%2Fmedia&parent=1785"}],"wp:term":[{"taxonomy":"category","embeddable":true,"href":"https:\/\/teatertidningen.se\/index.php?rest_route=%2Fwp%2Fv2%2Fcategories&post=1785"},{"taxonomy":"post_tag","embeddable":true,"href":"https:\/\/teatertidningen.se\/index.php?rest_route=%2Fwp%2Fv2%2Ftags&post=1785"}],"curies":[{"name":"wp","href":"https:\/\/api.w.org\/{rel}","templated":true}]}}