{"id":1911,"date":"2019-10-23T09:17:46","date_gmt":"2019-10-23T07:17:46","guid":{"rendered":"https:\/\/teatertidningen.se\/?p=1911"},"modified":"2020-01-03T16:13:04","modified_gmt":"2020-01-03T15:13:04","slug":"internationella-injektioner","status":"publish","type":"post","link":"https:\/\/teatertidningen.se\/?p=1911","title":{"rendered":"Internationella injektioner"},"content":{"rendered":"<table style=\"width: 100%;\" border=\"0\">\n<tbody>\n<tr>\n<td style=\"width: 50%; padding-right: 4%; vertical-align: top;\">\n<p>I det h\u00e4r numret v\u00e4nder vi blicken ut\u00e5t, mot andra l\u00e4nder. Vi har bes\u00f6kt tv\u00e5 festivaler i Storbritannien, Wilderness och Fringefestivalen, och intervjuat tv\u00e5 brittiska grupper \u2013 Handlebards och Silent Faces.<\/p>\n<p>Vi lyfter i v\u00e5r ess\u00e4 fram libanesiske dramatikern, regiss\u00f6ren och teaterchefen Wajdi Mouawad och hans konstn\u00e4rskap. Han \u00e4r omtalad f\u00f6r sina politiskt laddade upps\u00e4ttningar.<\/p>\n<p>Under Scenkonstbiennalen i Sundsvall intervjuade vi libanesiske Hanane Hajj Ali \u2013 sk\u00e5despelare, dramatiker, regiss\u00f6r och aktivist \u2013 om hennes f\u00f6rest\u00e4llning \u00bbJogging\u00ab, om hennes teatersyn och om teaterns situation i Libanon.<\/p>\n<p>Vi skriver om hur Bauhausr\u00f6relsen, som i \u00e5r firar hundra\u00e5rsjubileum, har p\u00e5verkat scenkonsten med sina id\u00e9er om totalteater, och intervjuar koreografen och regiss\u00f6ren Arial Siegert som arbetar i Bauhaus anda.<\/p>\n<p>Vi har bes\u00f6kt Byteatern Kalmar l\u00e4nsteater, som i september invigde sitt nya teaterhus, och samtalat med deras ledning \u2013 Daniel Rylander och Mia Carlsson \u2013 om hur de lyckades med att f\u00e5 \u00f6kade anslag och expandera, n\u00e4r i stort sett alla andra l\u00e4nsteatrar g\u00e5r p\u00e5 kn\u00e4na.<\/p>\n<p>I v\u00e5r chefsintervju m\u00f6ter vi landets (\u00e4n s\u00e5 l\u00e4nge) yngste konstn\u00e4rliga ledare, Rikard Lekander p\u00e5 \u00d6rebro l\u00e4nsteater, som har gjort sig omtalad f\u00f6r sina upps\u00e4ttningar med skr\u00e4ckteman.<\/p>\n<p>&nbsp;<\/p>\n<p>&nbsp;<\/p>\n<p>&nbsp;<\/p>\n<p>&nbsp;<\/p>\n<p>&nbsp;<\/p>\n<p>&nbsp;<\/p>\n<p>&nbsp;<\/p>\n<\/td>\n<td style=\"padding-right: 1%; vertical-align: top;\">\n<p><a href=\"https:\/\/teatertidningen.se\/wp-content\/uploads\/Omslag10.jpg\"><img loading=\"lazy\" class=\"alignnone wp-image-1906 size-medium\" src=\"https:\/\/teatertidningen.se\/wp-content\/uploads\/Omslag10-222x300.jpg\" alt=\"\" width=\"222\" height=\"300\" srcset=\"https:\/\/teatertidningen.se\/wp-content\/uploads\/Omslag10-222x300.jpg 222w, https:\/\/teatertidningen.se\/wp-content\/uploads\/Omslag10.jpg 500w\" sizes=\"(max-width: 222px) 100vw, 222px\" \/><\/a><\/p>\n<p><em>\u00a0 Foto: Anna Hedelius<\/em><\/p>\n<p>&nbsp;<\/p>\n<p>&nbsp;<\/p>\n<p>I numrets spaning fr\u00e5gar vi n\u00e5gra insatta i teaterbranschen hur Scenkonstbiennalen kommer fungera om 20 \u00e5r, vad de tror och \u00f6nskar ska k\u00e4nneteckna festivalen d\u00e5.<\/p>\n<p>Erik Ehn beskriver i sin teaterkr\u00f6nika hur det \u00e4r att l\u00e4mna sin hemmascen Dramaten och m\u00f6ta en internationell publik, hur f\u00f6rest\u00e4llningen f\u00f6r\u00e4ndras utifr\u00e5n sin kontext.<\/p>\n<p>Numrets pj\u00e4s \u00e4r \u00bbOscar Liljas f\u00f6rsvinnande\u00ab, av f\u00f6rfattaren och dramatikern Sara Bergmark Elfgren, d\u00e4r en genif\u00f6rklarad poet suger i sig av fyra unga m\u00e4nniskors liv och lust. En egenskap som Bergmark Elfgren i v\u00e5r intervju lyfter till ett h\u00f6gre, samh\u00e4lleligt plan.<\/p>\n<p>&nbsp;<\/p>\n<p>&nbsp;<\/p>\n<p>&nbsp;<\/p>\n<p>&nbsp;<\/p>\n<p>&nbsp;<\/p>\n<p>&nbsp;<\/p>\n<p>&nbsp;<\/p>\n<p>&nbsp;<\/p>\n<p>&nbsp;<\/p>\n<p>&nbsp;<\/p>\n<p>&nbsp;<\/p>\n<\/td>\n<\/tr>\n<\/tbody>\n<\/table>\n","protected":false},"excerpt":{"rendered":"<p>I det h\u00e4r numret v\u00e4nder vi blicken ut\u00e5t, mot andra l\u00e4nder. Vi har bes\u00f6kt tv\u00e5 festivaler i Storbritannien, Wilderness och Fringefestivalen, och intervjuat tv\u00e5 brittiska grupper \u2013 Handlebards och Silent Faces. Vi lyfter i v\u00e5r ess\u00e4 fram libanesiske dramatikern, regiss\u00f6ren och teaterchefen Wajdi Mouawad och hans konstn\u00e4rskap. Han \u00e4r omtalad f\u00f6r sina politiskt laddade upps\u00e4ttningar. [&hellip;]<\/p>\n","protected":false},"author":4,"featured_media":0,"comment_status":"closed","ping_status":"open","sticky":false,"template":"","format":"standard","meta":[],"categories":[3],"tags":[],"_links":{"self":[{"href":"https:\/\/teatertidningen.se\/index.php?rest_route=\/wp\/v2\/posts\/1911"}],"collection":[{"href":"https:\/\/teatertidningen.se\/index.php?rest_route=\/wp\/v2\/posts"}],"about":[{"href":"https:\/\/teatertidningen.se\/index.php?rest_route=\/wp\/v2\/types\/post"}],"author":[{"embeddable":true,"href":"https:\/\/teatertidningen.se\/index.php?rest_route=\/wp\/v2\/users\/4"}],"replies":[{"embeddable":true,"href":"https:\/\/teatertidningen.se\/index.php?rest_route=%2Fwp%2Fv2%2Fcomments&post=1911"}],"version-history":[{"count":2,"href":"https:\/\/teatertidningen.se\/index.php?rest_route=\/wp\/v2\/posts\/1911\/revisions"}],"predecessor-version":[{"id":1913,"href":"https:\/\/teatertidningen.se\/index.php?rest_route=\/wp\/v2\/posts\/1911\/revisions\/1913"}],"wp:attachment":[{"href":"https:\/\/teatertidningen.se\/index.php?rest_route=%2Fwp%2Fv2%2Fmedia&parent=1911"}],"wp:term":[{"taxonomy":"category","embeddable":true,"href":"https:\/\/teatertidningen.se\/index.php?rest_route=%2Fwp%2Fv2%2Fcategories&post=1911"},{"taxonomy":"post_tag","embeddable":true,"href":"https:\/\/teatertidningen.se\/index.php?rest_route=%2Fwp%2Fv2%2Ftags&post=1911"}],"curies":[{"name":"wp","href":"https:\/\/api.w.org\/{rel}","templated":true}]}}