{"id":2110,"date":"2020-07-03T12:02:53","date_gmt":"2020-07-03T10:02:53","guid":{"rendered":"https:\/\/teatertidningen.se\/?p=2110"},"modified":"2020-10-22T09:28:25","modified_gmt":"2020-10-22T07:28:25","slug":"barnteater-och-corona","status":"publish","type":"post","link":"https:\/\/teatertidningen.se\/?p=2110","title":{"rendered":"Barnteater och corona"},"content":{"rendered":"<table style=\"width: 100%;\" border=\"0\">\n<tbody>\n<tr>\n<td style=\"width: 50%; padding-right: 4%; vertical-align: top;\">\n<p>Det h\u00e4r dubbelnumrets tema \u00e4r dubbelt: scenkonst f\u00f6r barn och unga ur en kulturpolitisk vinkel och coronapandemins p\u00e5verkan p\u00e5 scenkonsten.<\/p>\n<p>&nbsp;<\/p>\n<p>Svenska teatrar kan ha sv\u00e5rt att n\u00e5 ut till skolorna med sina barn- och ungdomsf\u00f6rest\u00e4llningar. Urvalet blir l\u00e4tt godtyckligt eftersom det oftast \u00e4r upp till teatrarna sj\u00e4lva att ringa runt till skolorna och f\u00f6rs\u00f6ka hitta r\u00e4tt person att s\u00e4lja in sina f\u00f6rest\u00e4llningar till. Det menar Michael Cocke, ordf\u00f6rande i svenska Assitej, som vi har intervjuat tillsammans med tre kulturpolitiker om hur barnteater kan g\u00f6ras mer tillg\u00e4nglig f\u00f6r sin publik.<\/p>\n<p>&nbsp;<\/p>\n<p>Norska Scenekunstbruket ser till att teaterf\u00f6rest\u00e4llningar f\u00f6r barn och unga f\u00e5r m\u00f6jlighet att spelas \u00f6ver hela landet. Vi har intervjuat \u00c5dne Sekkelsten, verksamhetsansvarig f\u00f6r Scenekunstbruket, om hur de g\u00e5r till v\u00e4ga.<\/p>\n<p>&nbsp;<\/p>\n<p>Vi har \u00e4ven tr\u00e4ffat tre frigrupper i s\u00f6der som spelar f\u00f6r barn och unga \u2013 Teater Sagohuset, Banditsagor och Teater 23, och talat med tv\u00e5 l\u00e4nsteatrar norr\u00f6ver om deras barn- och ungdomsverksamhet \u2013 Teater V\u00e4sternorrland och V\u00e4sterbottensteatern. Vidare g\u00f6r vi n\u00e5gra nedslag i brittisk barnteater och ber\u00e4ttar lite om hur deras system fungerar.<\/p>\n<p>&nbsp;<\/p>\n<p>Den tyske dramatikern och regiss\u00f6ren Roland Schimmelpfennig skriver om vad som h\u00e4nder n\u00e4r teatrarna m\u00e5ste st\u00e4ngas ner f\u00f6r att hindra smittspridning.\u00a0Ja, hur \u00f6verlever scenkonsten egentligen coronan? Det fr\u00e5gar sig kulturjournalisten och teaterkritikern Anna Hedelius i sin artikel.\u00a0Medan H\u00e9l\u00e8ne Ohlsson \u2013 filosofie\u00a0<\/p>\n<p>&nbsp;<\/p>\n<p>&nbsp;<\/p>\n<p>&nbsp;<\/p>\n<p>&nbsp;<\/p>\n<p>&nbsp;<\/p>\n<p>&nbsp;<\/p>\n<p>&nbsp;<\/p>\n<p>&nbsp;<\/p>\n<p>&nbsp;<\/p>\n<p>&nbsp;<\/p>\n<p>&nbsp;<\/p>\n<p>&nbsp;<\/p>\n<\/td>\n<td style=\"padding-right: 1%; vertical-align: top;\">\n<p><a href=\"https:\/\/teatertidningen.se\/wp-content\/uploads\/TT-196-197-Omslag-web-500-px.jpg\"><img loading=\"lazy\" class=\"alignleft wp-image-2112 size-medium\" src=\"https:\/\/teatertidningen.se\/wp-content\/uploads\/TT-196-197-Omslag-web-500-px-221x300.jpg\" alt=\"\" width=\"221\" height=\"300\" srcset=\"https:\/\/teatertidningen.se\/wp-content\/uploads\/TT-196-197-Omslag-web-500-px-221x300.jpg 221w, https:\/\/teatertidningen.se\/wp-content\/uploads\/TT-196-197-Omslag-web-500-px.jpg 500w\" sizes=\"(max-width: 221px) 100vw, 221px\" \/><\/a><\/p>\n<p>&nbsp;<\/p>\n<p>&nbsp;<\/p>\n<p>&nbsp;<\/p>\n<p>&nbsp;<\/p>\n<p>&nbsp;<\/p>\n<p>&nbsp;<\/p>\n<p>&nbsp;<\/p>\n<p>&nbsp;<\/p>\n<p>&nbsp;<\/p>\n<p>&nbsp;<\/p>\n<p>&nbsp;<\/p>\n<p>&nbsp;<\/p>\n<p>&nbsp;<\/p>\n<p>&nbsp;<\/p>\n<p><em>Foto: Manuel Harlan<\/em><\/p>\n<p>&nbsp;<\/p>\n<p>&nbsp;<\/p>\n<p>doktor i teatervetenskap, sk\u00e5despelare och regiss\u00f6r \u2013 i sin ess\u00e4 unders\u00f6ker hur pandemier genom \u00e5rhundradena har p\u00e5verkat teaterlivet.<\/p>\n<p>&nbsp;<\/p>\n<p>Theatertreffen blev i \u00e5r digital, av f\u00f6rklarliga sk\u00e4l. Vi rapporterar om hur det fungerade. Och vi har \u00e4ven bes\u00f6kt Stanislavskijs ryska dramatiska teater i Jerevan, Armenien.<\/p>\n<p>&nbsp;<\/p>\n<p>I v\u00e5rt personportr\u00e4tt ber\u00e4ttar sk\u00e5despelaren Evin Ahmad att hon tycker konsten beh\u00f6ver f\u00f6r\u00e4ndras, men ocks\u00e5 om hur coronan har p\u00e5verkat henne.<\/p>\n<p>&nbsp;<\/p>\n<p>I v\u00e5r spaning fr\u00e5gar vi n\u00e5gra insatta personer om hur scentekniken kommer utvecklas om 20 \u00e5r. Och i teaterkr\u00f6nikan skriver konstn\u00e4ren och filmregiss\u00f6ren Anna Odell om sin smittr\u00e4dsla som barn och hur hon i sina verk ofta unders\u00f6ker vad verklighet egentligen \u00e4r.<\/p>\n<p>&nbsp;<\/p>\n<p>Numrets pj\u00e4s, <em>Blod och ben<\/em>, av regiss\u00f6ren och sk\u00e5despelaren Oskar Thunberg, v\u00e4cker fr\u00e5gan vad det \u00e4r som verkligen betyder n\u00e5got n\u00e4r hela v\u00e5r tillvaro st\u00e4lls p\u00e5 \u00e4nda.<\/p>\n<p>&nbsp;<\/p>\n<p>&nbsp;<\/p>\n<\/td>\n<\/tr>\n<\/tbody>\n<\/table>\n","protected":false},"excerpt":{"rendered":"<p>Det h\u00e4r dubbelnumrets tema \u00e4r dubbelt: scenkonst f\u00f6r barn och unga ur en kulturpolitisk vinkel och coronapandemins p\u00e5verkan p\u00e5 scenkonsten. &nbsp; Svenska teatrar kan ha sv\u00e5rt att n\u00e5 ut till skolorna med sina barn- och ungdomsf\u00f6rest\u00e4llningar. Urvalet blir l\u00e4tt godtyckligt eftersom det oftast \u00e4r upp till teatrarna sj\u00e4lva att ringa runt till skolorna och f\u00f6rs\u00f6ka [&hellip;]<\/p>\n","protected":false},"author":4,"featured_media":0,"comment_status":"closed","ping_status":"open","sticky":false,"template":"","format":"standard","meta":[],"categories":[3],"tags":[],"_links":{"self":[{"href":"https:\/\/teatertidningen.se\/index.php?rest_route=\/wp\/v2\/posts\/2110"}],"collection":[{"href":"https:\/\/teatertidningen.se\/index.php?rest_route=\/wp\/v2\/posts"}],"about":[{"href":"https:\/\/teatertidningen.se\/index.php?rest_route=\/wp\/v2\/types\/post"}],"author":[{"embeddable":true,"href":"https:\/\/teatertidningen.se\/index.php?rest_route=\/wp\/v2\/users\/4"}],"replies":[{"embeddable":true,"href":"https:\/\/teatertidningen.se\/index.php?rest_route=%2Fwp%2Fv2%2Fcomments&post=2110"}],"version-history":[{"count":20,"href":"https:\/\/teatertidningen.se\/index.php?rest_route=\/wp\/v2\/posts\/2110\/revisions"}],"predecessor-version":[{"id":2185,"href":"https:\/\/teatertidningen.se\/index.php?rest_route=\/wp\/v2\/posts\/2110\/revisions\/2185"}],"wp:attachment":[{"href":"https:\/\/teatertidningen.se\/index.php?rest_route=%2Fwp%2Fv2%2Fmedia&parent=2110"}],"wp:term":[{"taxonomy":"category","embeddable":true,"href":"https:\/\/teatertidningen.se\/index.php?rest_route=%2Fwp%2Fv2%2Fcategories&post=2110"},{"taxonomy":"post_tag","embeddable":true,"href":"https:\/\/teatertidningen.se\/index.php?rest_route=%2Fwp%2Fv2%2Ftags&post=2110"}],"curies":[{"name":"wp","href":"https:\/\/api.w.org\/{rel}","templated":true}]}}