{"id":2570,"date":"2021-10-20T10:46:36","date_gmt":"2021-10-20T08:46:36","guid":{"rendered":"https:\/\/teatertidningen.se\/?p=2570"},"modified":"2021-12-17T15:53:56","modified_gmt":"2021-12-17T14:53:56","slug":"krossade-drommar","status":"publish","type":"post","link":"https:\/\/teatertidningen.se\/?p=2570","title":{"rendered":"Krossade dr\u00f6mmar"},"content":{"rendered":"<table style=\"width: 100%;\" border=\"0\">\n<tbody>\n<tr>\n<td style=\"width: 50%; padding-right: 4%; vertical-align: top;\">\n<p>I det h\u00e4r numrets huvudartikel skriver vi om n\u00e5gra av konflikterna kring Sara kulturhus i Skellefte\u00e5 och hur V\u00e4sterbottensteaterns visioner om de nya lokalerna grusades. Den kulturella delen i det som ska vara ett kulturhus tycks ha nedprioriterats f\u00f6r mer kommersiella events och hotellverksamhet. Kulturakt\u00f6rerna upplever att politikerna inte f\u00f6rst\u00e5r vad som kr\u00e4vs f\u00f6r att bedriva en professionell, kulturell verksamhet.<\/p>\n<p>Sk\u00e5despelaren Johan Holmberg skriver om sina krossade sk\u00e5despelardr\u00f6mmar och hur pandemi och publikrestriktioner p\u00e5verkade honom i yrket och personligen. Hans tolkning av huvudrollen Tartuffe fick aldrig fick m\u00f6ta sin publik.<\/p>\n<p>Vi intervjuar Mattias Andersson om hur hans visioner som konstn\u00e4rlig ledare f\u00f6r Dramaten gick om intet n\u00e4r coronarestriktionerna kom, om hur f\u00f6rest\u00e4llningen <em>Den yttersta minuten<\/em> v\u00e4xte fram under denna period och om kulturpolitik.<\/p>\n<p>Paula McManus och Nadja Hjorton, konstn\u00e4rliga ledare f\u00f6r Ung scen\/\u00f6st respektive Regionteater V\u00e4st, kommer fr\u00e5n olika h\u00e5ll inom scenkonsten men ber\u00e4ttar i v\u00e5rt samtal att de b\u00e5da brinner f\u00f6r att \u00f6ka m\u00e5ngfalden p\u00e5 sina scener.<\/p>\n<p>Sigrid Herrault tr\u00e4ffade dramatikern, \u00f6vers\u00e4ttaren och f\u00f6rfattaren Dmitri Plax f\u00f6r att tala om hur deras flerspr\u00e5kighet p\u00e5verkar deras skrivande.\u00a0Medan\u00a0Isabel<\/p>\n<p>\u00a0<\/p>\n<p>\u00a0<\/p>\n<\/td>\n<td style=\"padding-right: 1%; vertical-align: top;\">\n<div id=\"attachment_2569\" style=\"width: 231px\" class=\"wp-caption alignnone\"><a href=\"https:\/\/teatertidningen.se\/wp-content\/uploads\/Teatertidningen-TT-203-WEBOMSLAG.jpg\"><img aria-describedby=\"caption-attachment-2569\" loading=\"lazy\" class=\"wp-image-2569 size-medium\" src=\"https:\/\/teatertidningen.se\/wp-content\/uploads\/Teatertidningen-TT-203-WEBOMSLAG-221x300.jpg\" alt=\"\" width=\"221\" height=\"300\" srcset=\"https:\/\/teatertidningen.se\/wp-content\/uploads\/Teatertidningen-TT-203-WEBOMSLAG-221x300.jpg 221w, https:\/\/teatertidningen.se\/wp-content\/uploads\/Teatertidningen-TT-203-WEBOMSLAG.jpg 500w\" sizes=\"(max-width: 221px) 100vw, 221px\" \/><\/a><p id=\"caption-attachment-2569\" class=\"wp-caption-text\">Foto: S\u00f6ren Vilks<\/p><\/div>\n<p>Cruz Liljegren funderat p\u00e5 kopplingarna mellan teaterns v\u00e4rld och hur sekter fungerar. Det utmynnade i ett personlighetstest: Vem \u00e4r du i teatersekten?<\/p>\n<p>Judith Hollander skriver om komposit\u00f6ren och musikern Kjell Westling, en ess\u00e4 som ing\u00e5r i den nyutkomna antologin <em>Kjell Westling och musiken<\/em>. Medan Carolina Fr\u00e4nde forts\u00e4tter sin serie av kr\u00f6nikor om sitt nya forsknings\u00e4mne och dess koppling till teaterskapandet.<\/p>\n<p>Numrets pj\u00e4s \u00e4r monologen <em>P\u00e5 jakt efter bibliotekstjuven<\/em>, av Filip Alexandersson, d\u00e4r han f\u00f6rs\u00f6ker f\u00f6rst\u00e5 motiven bakom de brott som \u00bbKB-mannen\u00ab, Anders Burius, begick.<\/p>\n<p>.<\/p>\n<p>\u00a0<\/p>\n<p>\u00a0<\/p>\n<p>\u00a0<\/p>\n<\/td>\n<\/tr>\n<\/tbody>\n<\/table>\n\n\n<p>\u00a0<\/p>\n<p>\u00a0<\/p>\n<p>\u00a0<\/p>\n<p>\u00a0<\/p>\n","protected":false},"excerpt":{"rendered":"<p>I det h\u00e4r numrets huvudartikel skriver vi om n\u00e5gra av konflikterna kring Sara kulturhus i Skellefte\u00e5 och hur V\u00e4sterbottensteaterns visioner om de nya lokalerna grusades. Den kulturella delen i det som ska vara ett kulturhus tycks ha nedprioriterats f\u00f6r mer kommersiella events och hotellverksamhet. Kulturakt\u00f6rerna upplever att politikerna inte f\u00f6rst\u00e5r vad som kr\u00e4vs f\u00f6r att [&hellip;]<\/p>\n","protected":false},"author":4,"featured_media":0,"comment_status":"closed","ping_status":"open","sticky":false,"template":"","format":"standard","meta":[],"categories":[3],"tags":[],"_links":{"self":[{"href":"https:\/\/teatertidningen.se\/index.php?rest_route=\/wp\/v2\/posts\/2570"}],"collection":[{"href":"https:\/\/teatertidningen.se\/index.php?rest_route=\/wp\/v2\/posts"}],"about":[{"href":"https:\/\/teatertidningen.se\/index.php?rest_route=\/wp\/v2\/types\/post"}],"author":[{"embeddable":true,"href":"https:\/\/teatertidningen.se\/index.php?rest_route=\/wp\/v2\/users\/4"}],"replies":[{"embeddable":true,"href":"https:\/\/teatertidningen.se\/index.php?rest_route=%2Fwp%2Fv2%2Fcomments&post=2570"}],"version-history":[{"count":16,"href":"https:\/\/teatertidningen.se\/index.php?rest_route=\/wp\/v2\/posts\/2570\/revisions"}],"predecessor-version":[{"id":2703,"href":"https:\/\/teatertidningen.se\/index.php?rest_route=\/wp\/v2\/posts\/2570\/revisions\/2703"}],"wp:attachment":[{"href":"https:\/\/teatertidningen.se\/index.php?rest_route=%2Fwp%2Fv2%2Fmedia&parent=2570"}],"wp:term":[{"taxonomy":"category","embeddable":true,"href":"https:\/\/teatertidningen.se\/index.php?rest_route=%2Fwp%2Fv2%2Fcategories&post=2570"},{"taxonomy":"post_tag","embeddable":true,"href":"https:\/\/teatertidningen.se\/index.php?rest_route=%2Fwp%2Fv2%2Ftags&post=2570"}],"curies":[{"name":"wp","href":"https:\/\/api.w.org\/{rel}","templated":true}]}}