{"id":2754,"date":"2022-03-15T15:32:31","date_gmt":"2022-03-15T14:32:31","guid":{"rendered":"https:\/\/teatertidningen.se\/?p=2754"},"modified":"2022-03-15T15:53:44","modified_gmt":"2022-03-15T14:53:44","slug":"osten-och-hopp-ur-nummer-1-2022","status":"publish","type":"post","link":"https:\/\/teatertidningen.se\/?p=2754","title":{"rendered":"Osten och hopp (ur nummer 1\/2022)"},"content":{"rendered":"\n<p>&nbsp;<\/p>\n<p>&nbsp;<\/p>\n\n\n\n<div id=\"attachment_2758\" style=\"width: 460px\" class=\"wp-caption aligncenter\"><img aria-describedby=\"caption-attachment-2758\" loading=\"lazy\" class=\"wp-image-2758\" src=\"https:\/\/teatertidningen.se\/wp-content\/uploads\/Portratt-3-av-Lena-300x200.jpg\" alt=\"\" width=\"450\" height=\"300\" srcset=\"https:\/\/teatertidningen.se\/wp-content\/uploads\/Portratt-3-av-Lena-300x200.jpg 300w, https:\/\/teatertidningen.se\/wp-content\/uploads\/Portratt-3-av-Lena-1024x683.jpg 1024w, https:\/\/teatertidningen.se\/wp-content\/uploads\/Portratt-3-av-Lena-768x512.jpg 768w, https:\/\/teatertidningen.se\/wp-content\/uploads\/Portratt-3-av-Lena-1536x1024.jpg 1536w, https:\/\/teatertidningen.se\/wp-content\/uploads\/Portratt-3-av-Lena-2048x1365.jpg 2048w\" sizes=\"(max-width: 450px) 100vw, 450px\" \/><p id=\"caption-attachment-2758\" class=\"wp-caption-text\">Foto: Lena Blomqvist<\/p><\/div>\n<p>\u00a0<\/p>\n<p>\u00a0<\/p>\n<p>\u00bbF\u00f6r vissa m\u00e4nniskor \u00e4r denna dag den sista.\u00ab Det kunde g\u00e4lla vilken dag som helst, men nu kommer orden fr\u00e5n Ukrainas premi\u00e4rminister Zelenskyj. Han syftar p\u00e5 de ukrainare som kommer d\u00f6 medan de f\u00f6rsvarar sin r\u00e4tt till ett fritt land, d\u00e5 han via l\u00e4nk h\u00e5ller sitt omtalade brandtal inf\u00f6r EU-parlamentet. N\u00e4r jag b\u00f6rjar skriva p\u00e5 den h\u00e4r ledaren har Rysslands krig mot Ukraina p\u00e5g\u00e5tt under sju dygn. \u00c4n s\u00e5 l\u00e4nge st\u00e5r Ukraina emot. Det har varit en vecka d\u00e4r v\u00e4rlden pl\u00f6tsligt st\u00e4llts inf\u00f6r hot om k\u00e4rnvapenkrig. P\u00e5 radion talar de om krisberedskap och att MSB:s hemsida inte g\u00e5r att n\u00e5 p\u00e5 grund av alla bes\u00f6kare som vill leta upp sitt n\u00e4rmaste skyddsrum. Under kommande natt tar Ryssland kontroll \u00f6ver Europas st\u00f6rsta k\u00e4rnkraftverk, bel\u00e4get i Ukraina. Tillvaron k\u00e4nns just nu oroande och overklig och att h\u00e4r presentera ett nytt nummer av Teatertidningen k\u00e4nns kanske aningen \u2026 futtigt. G\u00e5r v\u00e4rlden att k\u00e4nna igen n\u00e4r detta nummer n\u00e5r dig?<\/p>\n<p>\u00a0<\/p>\n<p>N\u00e5v\u00e4l, h\u00e4r hittar du ett tema kring en teatergigant som inte g\u00e5r att komma runt n\u00e4r det g\u00e4ller svensk scenkonst, s\u00e5v\u00e4l f\u00f6r barn som vuxna \u2013 Suzanne Osten. Personligen var <em>I lusthuset <\/em>en av mina f\u00f6rsta riktigt omtumlande teaterupplevelser. Kanske har du n\u00e5gon egen Osten-favorit? Vi publicerar ett utdrag ur hennes sj\u00e4lvbiografi, en recension av boken och inte minst ett samtal med Simon Norrthon, Gustav Deinoff, Tiina Rosenberg samt Hilda Hellwig (i en separat intervju) om Ostens betydelse och arbetsmetoder. De lyfter bland annat fram att hennes f\u00f6rest\u00e4llningar i grunden f\u00f6rmedlar n\u00e5got hoppingivande.<\/p>\n<p>\u00a0<\/p>\n<p>Teatr Powszechny, en av Warszawas st\u00f6rsta teatrar, har gjort sig k\u00e4nd f\u00f6r att spela vass och provokativ politisk teater. En av deras tidigare upps\u00e4ttningar fick h\u00f6gerpopulister att samlas utanf\u00f6r teaterbyggnaden i protest, teatern blev hotad. I vintras g\u00e4stspelade de p\u00e5 Dramaten med sin iscens\u00e4ttning av Hitlers <em>Mein Kampf<\/em> \u2013 aprop\u00e5 despoter som startar krig \u2013 och jag tr\u00e4ffade d\u00e5 regiss\u00f6ren och bitr\u00e4dande teaterchefen. De talade om hotet mot demokratin, om v\u00e4xande nationalism, men ingen av oss trodde v\u00e4l d\u00e5 att m\u00e4ngder av m\u00e4nniskor n\u00e5gra m\u00e5nader senare skulle komma flyende \u00f6ver den polska gr\u00e4nsen, fr\u00e5n grannlandet. Kanske \u00e4r det i tider som dessa som vi verkligen beh\u00f6ver teater, ja, all form av kultur, f\u00f6r att samlas, f\u00e5 perspektiv och just hopp.<\/p>\n<p>\u00a0<\/p>\n<p>Birgitta Haglund<\/p>\n<p>\u00a0<\/p>\n<p>\u00a0<\/p>\n<p>\u00a0<\/p>\n<p>\u00a0<\/p>\n<p>\u00a0<\/p>\n","protected":false},"excerpt":{"rendered":"<p>&nbsp; &nbsp; \u00a0 \u00a0 \u00bbF\u00f6r vissa m\u00e4nniskor \u00e4r denna dag den sista.\u00ab Det kunde g\u00e4lla vilken dag som helst, men nu kommer orden fr\u00e5n Ukrainas premi\u00e4rminister Zelenskyj. Han syftar p\u00e5 de ukrainare som kommer d\u00f6 medan de f\u00f6rsvarar sin r\u00e4tt till ett fritt land, d\u00e5 han via l\u00e4nk h\u00e5ller sitt omtalade brandtal inf\u00f6r EU-parlamentet. N\u00e4r [&hellip;]<\/p>\n","protected":false},"author":4,"featured_media":0,"comment_status":"closed","ping_status":"open","sticky":false,"template":"","format":"standard","meta":[],"categories":[3],"tags":[],"_links":{"self":[{"href":"https:\/\/teatertidningen.se\/index.php?rest_route=\/wp\/v2\/posts\/2754"}],"collection":[{"href":"https:\/\/teatertidningen.se\/index.php?rest_route=\/wp\/v2\/posts"}],"about":[{"href":"https:\/\/teatertidningen.se\/index.php?rest_route=\/wp\/v2\/types\/post"}],"author":[{"embeddable":true,"href":"https:\/\/teatertidningen.se\/index.php?rest_route=\/wp\/v2\/users\/4"}],"replies":[{"embeddable":true,"href":"https:\/\/teatertidningen.se\/index.php?rest_route=%2Fwp%2Fv2%2Fcomments&post=2754"}],"version-history":[{"count":4,"href":"https:\/\/teatertidningen.se\/index.php?rest_route=\/wp\/v2\/posts\/2754\/revisions"}],"predecessor-version":[{"id":2760,"href":"https:\/\/teatertidningen.se\/index.php?rest_route=\/wp\/v2\/posts\/2754\/revisions\/2760"}],"wp:attachment":[{"href":"https:\/\/teatertidningen.se\/index.php?rest_route=%2Fwp%2Fv2%2Fmedia&parent=2754"}],"wp:term":[{"taxonomy":"category","embeddable":true,"href":"https:\/\/teatertidningen.se\/index.php?rest_route=%2Fwp%2Fv2%2Fcategories&post=2754"},{"taxonomy":"post_tag","embeddable":true,"href":"https:\/\/teatertidningen.se\/index.php?rest_route=%2Fwp%2Fv2%2Ftags&post=2754"}],"curies":[{"name":"wp","href":"https:\/\/api.w.org\/{rel}","templated":true}]}}