{"id":2771,"date":"2022-03-24T15:10:43","date_gmt":"2022-03-24T14:10:43","guid":{"rendered":"https:\/\/teatertidningen.se\/?p=2771"},"modified":"2022-06-23T14:34:56","modified_gmt":"2022-06-23T12:34:56","slug":"osten-gedeon-och-ohlin","status":"publish","type":"post","link":"https:\/\/teatertidningen.se\/?p=2771","title":{"rendered":"Osten, Gedeon och Ohlin"},"content":{"rendered":"\n<table style=\"width: 100%;\" border=\"0\">\n<tbody>\n<tr>\n<td style=\"width: 50%; padding-right: 4%; vertical-align: top;\">\n<p>\u00a0<\/p>\n<p>\u00c5rets f\u00f6rsta nummer av Teatertidningen har ett tema kring Suzanne Osten och hennes stora inflytande p\u00e5 svensk teater. Vi har samlat n\u00e5gra Suzanne Osten-konn\u00e4ss\u00f6rer \u2013 Simon Norrthon, Tiina Rosenberg och Gustav Deinoff (samt en separat intervju med Hilda Hellwig) \u2013 i ett rundabordssamtal f\u00f6r att samtala om hennes v\u00e4rv. Vidare publicerar vi ett utdrag ur Suzanne Ostens sj\u00e4lvbiografi samt en recension av boken.<\/p>\n<p>Komposit\u00f6ren, dramatikern och regiss\u00f6ren Erik Gedeon belyser, ofta p\u00e5 ett humoristiskt vis, existentiella och etiska fr\u00e5gor i sina upps\u00e4ttningar. Vi har samtalat med honom om bland annat v\u00e5r fria vilja.<\/p>\n<p>Dirk Gindt, professor i teatervetenskap, skriver om Giron S\u00e1mi Te\u00e1hters verksamhet och argumenterar f\u00f6r varf\u00f6r denna teater borde bli en nationalscen.<\/p>\n<p>I regidagboken ber\u00e4ttar Jens Ohlin om arbetet med upps\u00e4ttningen <em>(Macbeth)<\/em> p\u00e5 Dramaten, en pj\u00e4s som han skrivit tillsammans med sk\u00e5despelaren Hannes Meidal, och om sitt motst\u00e5nd inf\u00f6r att skriva om sina regimetoder.<\/p>\n<p>Vi har intervjuat konstkollektivet Konst AB, senast aktuella med sin upps\u00e4ttning av <em>Stormen<\/em> p\u00e5 G\u00f6teborgs stadsteater, om bland annat kulturens kommersialisering.<\/p>\n<p>Vi skriver om en av Polens st\u00f6rsta institutionsteatrar, Teatr Powszechny, som g\u00e4stspelade p\u00e5 Dramaten med<\/p>\n<p>\u00a0<\/p>\n<p>\u00a0<\/p>\n<p>\u00a0<\/p>\n<p>\u00a0<\/p>\n<\/td>\n<td style=\"padding-right: 1%; vertical-align: top; width: 49.5238%;\">\n<div id=\"attachment_2772\" style=\"width: 232px\" class=\"wp-caption aligncenter\"><img aria-describedby=\"caption-attachment-2772\" loading=\"lazy\" class=\"wp-image-2772 size-medium\" src=\"https:\/\/teatertidningen.se\/wp-content\/uploads\/TT-205-webomslag-500px-1-222x300.jpg\" alt=\"\" width=\"222\" height=\"300\" srcset=\"https:\/\/teatertidningen.se\/wp-content\/uploads\/TT-205-webomslag-500px-1-222x300.jpg 222w, https:\/\/teatertidningen.se\/wp-content\/uploads\/TT-205-webomslag-500px-1.jpg 500w\" sizes=\"(max-width: 222px) 100vw, 222px\" \/><p id=\"caption-attachment-2772\" class=\"wp-caption-text\">Illustration: Adam Herlitz<\/p><\/div>\n<p>\u00a0<\/p>\n<p>\u00a0<\/p>\n<p>\u00a0<\/p>\n<p><em>Mein Kampf<\/em> och har talat med analytikern Stefan Ingvarsson om polsk teater.<\/p>\n<p>Carolina Fr\u00e4nde, regiss\u00f6r och doktorand i f\u00f6retagsekonomi, avslutar sin serie med kr\u00f6nikor och ber\u00e4ttar denna g\u00e5ng om etnografiska metoder, vardagens koreografier och om \u00e5terv\u00e4ndandet till en gammal brottsplats. Medan poeten Gabriel Itkes-Sznap i sin teaterkr\u00f6nika dyker ner i f\u00f6rfattaren Witold Gombrowicz estetiska v\u00e4rld.<\/p>\n<p>Numrets pj\u00e4s \u00e4r <em>Gasljus: Malm\u00f6<\/em> av Henrik Bromander, serietecknare, f\u00f6rfattare och dramatiker, d\u00e4r han skildrar hur en parrelation l\u00e5ngsamt f\u00f6r\u00e4ndras och blir alltmer lik en sekt.<\/p>\n<p>\u00a0<\/p>\n<p>\u00a0<\/p>\n<\/td>\n<\/tr>\n<\/tbody>\n<\/table>\n","protected":false},"excerpt":{"rendered":"<p>\u00a0 \u00c5rets f\u00f6rsta nummer av Teatertidningen har ett tema kring Suzanne Osten och hennes stora inflytande p\u00e5 svensk teater. Vi har samlat n\u00e5gra Suzanne Osten-konn\u00e4ss\u00f6rer \u2013 Simon Norrthon, Tiina Rosenberg och Gustav Deinoff (samt en separat intervju med Hilda Hellwig) \u2013 i ett rundabordssamtal f\u00f6r att samtala om hennes v\u00e4rv. Vidare publicerar vi ett utdrag [&hellip;]<\/p>\n","protected":false},"author":4,"featured_media":0,"comment_status":"closed","ping_status":"open","sticky":false,"template":"","format":"standard","meta":[],"categories":[1,3],"tags":[],"_links":{"self":[{"href":"https:\/\/teatertidningen.se\/index.php?rest_route=\/wp\/v2\/posts\/2771"}],"collection":[{"href":"https:\/\/teatertidningen.se\/index.php?rest_route=\/wp\/v2\/posts"}],"about":[{"href":"https:\/\/teatertidningen.se\/index.php?rest_route=\/wp\/v2\/types\/post"}],"author":[{"embeddable":true,"href":"https:\/\/teatertidningen.se\/index.php?rest_route=\/wp\/v2\/users\/4"}],"replies":[{"embeddable":true,"href":"https:\/\/teatertidningen.se\/index.php?rest_route=%2Fwp%2Fv2%2Fcomments&post=2771"}],"version-history":[{"count":14,"href":"https:\/\/teatertidningen.se\/index.php?rest_route=\/wp\/v2\/posts\/2771\/revisions"}],"predecessor-version":[{"id":2893,"href":"https:\/\/teatertidningen.se\/index.php?rest_route=\/wp\/v2\/posts\/2771\/revisions\/2893"}],"wp:attachment":[{"href":"https:\/\/teatertidningen.se\/index.php?rest_route=%2Fwp%2Fv2%2Fmedia&parent=2771"}],"wp:term":[{"taxonomy":"category","embeddable":true,"href":"https:\/\/teatertidningen.se\/index.php?rest_route=%2Fwp%2Fv2%2Fcategories&post=2771"},{"taxonomy":"post_tag","embeddable":true,"href":"https:\/\/teatertidningen.se\/index.php?rest_route=%2Fwp%2Fv2%2Ftags&post=2771"}],"curies":[{"name":"wp","href":"https:\/\/api.w.org\/{rel}","templated":true}]}}