{"id":2809,"date":"2022-04-07T21:15:42","date_gmt":"2022-04-07T19:15:42","guid":{"rendered":"https:\/\/teatertidningen.se\/?p=2809"},"modified":"2022-04-08T10:10:42","modified_gmt":"2022-04-08T08:10:42","slug":"turteatern-fordjupar-samtalet-om-regi","status":"publish","type":"post","link":"https:\/\/teatertidningen.se\/?p=2809","title":{"rendered":"Turteatern f\u00f6rdjupar samtalet om regi"},"content":{"rendered":"\n\n\n<p>&nbsp;<\/p>\n<p>&nbsp;<\/p>\n\n\n\n<p>\u00a0<\/p>\n<p><img loading=\"lazy\" class=\"alignnone wp-image-2808\" src=\"https:\/\/teatertidningen.se\/wp-content\/uploads\/samtakomregi1-300x176.jpg\" alt=\"\" width=\"300\" height=\"176\" srcset=\"https:\/\/teatertidningen.se\/wp-content\/uploads\/samtakomregi1-300x176.jpg 300w, https:\/\/teatertidningen.se\/wp-content\/uploads\/samtakomregi1-768x450.jpg 768w, https:\/\/teatertidningen.se\/wp-content\/uploads\/samtakomregi1.jpg 1024w\" sizes=\"(max-width: 300px) 100vw, 300px\" \/><\/p>\n<p>\u00a0<\/p>\n<p>\u00a0<\/p>\n<p>I b\u00f6rjan av april h\u00f6lls ett heldagsseminarium p\u00e5 Turteatern, som st\u00e4llde en rad fr\u00e5gor kretsande kring regiss\u00f6rens roll i den samtida teatern. Syftet att unders\u00f6ka regirollen utifr\u00e5n regiss\u00f6rens egna perspektiv blev till en diskussion om b\u00e5de strukturella och konstn\u00e4rliga fr\u00e5gor, tankar om regiutbildningen i Sverige och begreppet regikoncept.<\/p>\n<p>\u00a0<\/p>\n<p>De deltagande regiss\u00f6rerna \u2013 Mellika Melouani Melani, Linn Hilda Lamberg, Nils Poletti, Tatu H\u00e4m\u00e4l\u00e4inen och Anja Su\u0161a \u2013 blev var och en intervjuade p\u00e5 scen av moderatorerna och arrang\u00f6rerna Gustav Englund, Marie Nikazm Bakken och Olof Runsten. Regiss\u00f6rerna svarade sedan p\u00e5 fr\u00e5gor fr\u00e5n publiken i samband med intervjuerna. Uppl\u00e4gget gav publiken en ovanligt gener\u00f6s m\u00f6jlighet att l\u00e4ra k\u00e4nna regiss\u00f6rerna och deras id\u00e9er och tankar kring sitt arbete.<\/p>\n<p>\u00a0<\/p>\n<p>Nils Poletti, som i dag \u00e4r teaterchef p\u00e5 \u00d6stg\u00f6tateatern, ber\u00e4ttade om sin resa genom olika roller i teaterbranschen. Han kunde beskriva m\u00e5nga perspektiv \u2013 fr\u00e5n att som sk\u00e5despelare ha k\u00e4nt sig begr\u00e4nsad av regiss\u00f6rer som satt honom i sn\u00e4va rollfack, till att han sj\u00e4lv b\u00f6rjade regissera och fram till idag d\u00e5 han engagerar regiss\u00f6rer i sin roll som teaterchef.<\/p>\n<p>\u00a0<\/p>\n<blockquote>\n<p>Hon menade att vi i Sverige s\u00e5 klart kommit bort fr\u00e5n de patriarkala strukturerna som hon upplevt som ung regiss\u00f6r, men att hon saknade ett samarbete och kunskapsutbyte b\u00e5de inom och mellan scenkonstens olika discipliner.<\/p>\n<\/blockquote>\n<p>\u00a0<\/p>\n<p>Anja Su\u0161a \u00e4r professor i teaterregi p\u00e5 Institutionen f\u00f6r scenkonst p\u00e5 Stockholms konstn\u00e4rliga h\u00f6gskola. Hennes erfarenheter av att utbilda sig och arbeta i Serbien gav en intressant blick p\u00e5 den svenska teatern och r\u00e5dande id\u00e9er kring regiarbete. Hon betonade vikten av att l\u00e4ra ut ett hantverk p\u00e5 regiutbildningen f\u00f6r att komma \u00e5t och utveckla ett konstn\u00e4rskap. Hon menade att vi i Sverige s\u00e5 klart kommit bort fr\u00e5n de patriarkala strukturerna som hon upplevt som ung regiss\u00f6r, men att hon saknade ett samarbete och kunskapsutbyte b\u00e5de inom och mellan scenkonstens olika discipliner.<\/p>\n<p>\u00a0<\/p>\n<p>Under den avslutande diskussionen med hela regiss\u00f6rspanelen ber\u00f6rdes fr\u00e5gor om flera br\u00e4nnande \u00e4mnen. Hur l\u00f6ser man konflikter inom en ensemble eller ett konstn\u00e4rligt team? Vad \u00e4r egentligen ett regikoncept? Varf\u00f6r \u00e4r just regirollen s\u00e5 rannsakad?<\/p>\n<p>\u00a0<\/p>\n<p>Flera i publiken var studenter p\u00e5 olika utbildningar p\u00e5 SKH, eller sk\u00e5despelare som s\u00e4rskilt intresserade sig f\u00f6r regi. D\u00e4rf\u00f6r blev seminariet p\u00e5 m\u00e5nga s\u00e4tt en unik master class med m\u00e5nga sp\u00e4nnande ing\u00e5ngar. Efter seminariet blev det middag och barmingel d\u00e4r det f\u00f6rst\u00e5s fanns tillf\u00e4lle till vidare kontakter och samtal.<\/p>\n<p>\u00a0<\/p>\n<p>Turteaterns konstn\u00e4rliga ledare Marie Nikazm Bakken menar att det uppenbarligen finns ett stort behov av den h\u00e4r typen av samtal.<\/p>\n<p>\u00a0<\/p>\n<p>\u2013 Jag hade sj\u00e4lv erfarenhet av \u00f6ppna samtal n\u00e4r jag var en ung scenkonstn\u00e4r inom dansf\u00e4ltet. D\u00e5 l\u00e4rde jag mig mycket av seminarier och diskussioner d\u00e4r olika generationer, teatrar och yrkesgrupper m\u00f6ttes. D\u00e4rf\u00f6r tycker vi att det ocks\u00e5 \u00e4r viktigt att seminariet p\u00e5g\u00e5r under en hel dag. Det betyder att folk m\u00e5ste investera lite tid, f\u00f6r att ta del av programmet. Samtidigt kan man d\u00e5 ocks\u00e5 vara \u00e4rlig med att det \u00e4r lite internt, det f\u00e5r bli n\u00f6rdigt.<\/p>\n<p>\u00a0<\/p>\n<p>Turteatern planerar att forts\u00e4tta med seminarierna som de kallar Forum T.<\/p>\n<p>\u00a0<\/p>\n<p><strong>Sara Beer<\/strong><\/p>\n<p>\u00a0<\/p>\n<p>\u00a0<\/p>\n<p>\u00a0<\/p>\n<p>\u00a0<\/p>\n<p>\u00a0<\/p>\n\n\n","protected":false},"excerpt":{"rendered":"<p>&nbsp; &nbsp; \u00a0 \u00a0 \u00a0 I b\u00f6rjan av april h\u00f6lls ett heldagsseminarium p\u00e5 Turteatern, som st\u00e4llde en rad fr\u00e5gor kretsande kring regiss\u00f6rens roll i den samtida teatern. Syftet att unders\u00f6ka regirollen utifr\u00e5n regiss\u00f6rens egna perspektiv blev till en diskussion om b\u00e5de strukturella och konstn\u00e4rliga fr\u00e5gor, tankar om regiutbildningen i Sverige och begreppet regikoncept. \u00a0 De [&hellip;]<\/p>\n","protected":false},"author":4,"featured_media":0,"comment_status":"closed","ping_status":"open","sticky":false,"template":"","format":"standard","meta":[],"categories":[3],"tags":[],"_links":{"self":[{"href":"https:\/\/teatertidningen.se\/index.php?rest_route=\/wp\/v2\/posts\/2809"}],"collection":[{"href":"https:\/\/teatertidningen.se\/index.php?rest_route=\/wp\/v2\/posts"}],"about":[{"href":"https:\/\/teatertidningen.se\/index.php?rest_route=\/wp\/v2\/types\/post"}],"author":[{"embeddable":true,"href":"https:\/\/teatertidningen.se\/index.php?rest_route=\/wp\/v2\/users\/4"}],"replies":[{"embeddable":true,"href":"https:\/\/teatertidningen.se\/index.php?rest_route=%2Fwp%2Fv2%2Fcomments&post=2809"}],"version-history":[{"count":23,"href":"https:\/\/teatertidningen.se\/index.php?rest_route=\/wp\/v2\/posts\/2809\/revisions"}],"predecessor-version":[{"id":2832,"href":"https:\/\/teatertidningen.se\/index.php?rest_route=\/wp\/v2\/posts\/2809\/revisions\/2832"}],"wp:attachment":[{"href":"https:\/\/teatertidningen.se\/index.php?rest_route=%2Fwp%2Fv2%2Fmedia&parent=2809"}],"wp:term":[{"taxonomy":"category","embeddable":true,"href":"https:\/\/teatertidningen.se\/index.php?rest_route=%2Fwp%2Fv2%2Fcategories&post=2809"},{"taxonomy":"post_tag","embeddable":true,"href":"https:\/\/teatertidningen.se\/index.php?rest_route=%2Fwp%2Fv2%2Ftags&post=2809"}],"curies":[{"name":"wp","href":"https:\/\/api.w.org\/{rel}","templated":true}]}}