{"id":3013,"date":"2023-03-24T17:12:39","date_gmt":"2023-03-24T16:12:39","guid":{"rendered":"https:\/\/teatertidningen.se\/?p=3013"},"modified":"2023-06-22T18:04:54","modified_gmt":"2023-06-22T16:04:54","slug":"befinner-vi-oss-i-en-backlash","status":"publish","type":"post","link":"https:\/\/teatertidningen.se\/?p=3013","title":{"rendered":"Befinner vi oss i en backlash?"},"content":{"rendered":"\n<table style=\"width: 100%;\" border=\"0\">\n<tbody>\n<tr>\n<td style=\"width: 50.119%; padding-right: 4%; vertical-align: top;\">\n<p>\u00a0<\/p>\n<p>\u00a0<\/p>\n<p>F\u00f6r tio, femton \u00e5r sedan debatterades bristen p\u00e5 j\u00e4mst\u00e4lldhet inom Teatersverige livligt. I det h\u00e4r numret av Teatertidningen dyker vi ner i ett tema kring just j\u00e4mst\u00e4lldhet och fr\u00e5gar oss var vi st\u00e5r idag. Anna Hedelius h\u00e5ller i ett rundabordssamtal med Jenny Andreasson, Ann Petr\u00e9n, Liv Elf Karl\u00e9n och Felicia Ohly. De dryftar allt fr\u00e5n vilka erfarenheter de tog med sig fr\u00e5n projekt som Mod\u00e4rna kvinnor och Spetsprojektet, till vad metoo har betytt f\u00f6r arbetsmilj\u00f6n p\u00e5 teatrarna.<\/p>\n<p>\u00a0<\/p>\n<p>Det \u00e4r tydligt att p\u00e5 teatrarnas st\u00f6rsta scener dominerar de manliga regiss\u00f6rerna under s\u00e4songen 2022\/2023. Det visar v\u00e5r unders\u00f6kning d\u00e4r vi har tittat p\u00e5 hur k\u00f6nsf\u00f6rdelningen ser ut p\u00e5 olika scener, n\u00e4r det g\u00e4ller dramatiker och regiss\u00f6rer. Sara Beer har intervjuat n\u00e5gra teaterchefer p\u00e5 v\u00e5ra st\u00f6rsta institutionsteatrar f\u00f6r att fr\u00e5ga dem om resultatet av unders\u00f6kningen.<\/p>\n<p>\u00a0<\/p>\n<p>Mikaela Blomqvist ifr\u00e5gas\u00e4tter \u00e5 sin sida, i sin teaterkr\u00f6nika, betydelsen av representation. Spelar det n\u00e5gon roll ifall det \u00e4r m\u00e4n eller kvinnor som st\u00e5r som upphovspersoner till det som spelas p\u00e5 v\u00e5ra scener?<\/p>\n<p>\u00a0<\/p>\n<p>Birgitta Haglund tittar n\u00e4rmare p\u00e5 vad som har h\u00e4nt efter metoo n\u00e4r det g\u00e4ller arbetet med att motverka sexuella trakasserier och tystnadskulturer p\u00e5 v\u00e5ra teatrar. Scen &amp; Film och Svensk Scenkonst driver ett gemensamt projekt kring detta och Paula Lejonkula, som varit projektledare, ber\u00e4ttar om hur l\u00e4get ser ut idag.<\/p>\n<p>\u00a0<\/p>\n<p>Vidare intervjuar Vesna Prekopic\u00a0<\/p>\n<p>\u00a0<\/p>\n<p>\u00a0<\/p>\n<p>\u00a0<\/p>\n<p>\u00a0<\/p>\n<p>\u00a0<\/p>\n<p>\u00a0<\/p>\n<p>\u00a0<\/p>\n<p>\u00a0<\/p>\n<p><span style=\"font-size: revert; font-family: inherit; font-weight: inherit; color: initial;\">.<\/span><\/p>\n<p>\u00a0<\/p>\n<p>\u00a0<\/p>\n<p>\u00a0<\/p>\n<p>\u00a0<\/p>\n<\/td>\n<td style=\"padding-right: 1%; vertical-align: top; width: 49.4048%;\">\n<p><img loading=\"lazy\" class=\"aligncenter wp-image-3014 size-medium\" src=\"https:\/\/teatertidningen.se\/wp-content\/uploads\/Omslag-1-222x300.jpg\" alt=\"\" width=\"222\" height=\"300\" srcset=\"https:\/\/teatertidningen.se\/wp-content\/uploads\/Omslag-1-222x300.jpg 222w, https:\/\/teatertidningen.se\/wp-content\/uploads\/Omslag-1.jpg 500w\" sizes=\"(max-width: 222px) 100vw, 222px\" \/><\/p>\n<p>\u00a0<\/p>\n<p>\u00a0<\/p>\n<p>\u00a0<\/p>\n<p>kulturministerns statssekreterare, Karin Svanborg-Sj\u00f6vall, och f\u00e5r bland annat veta att effektivitet \u00e4r en ledstj\u00e4rna i regeringens kommande kulturpolitik. \u00a0<\/p>\n<p>\u00a0<\/p>\n<p>Hur \u00e4r det att f\u00e5 sin teater s\u00f6nderbombad och tvingas evakuera sin ensemble? Det vet tre ukrainska regiss\u00f6rer som Sofia Nyblom har intervjuat och som ber\u00e4ttar hur deras teater har rest sig ur askan.<\/p>\n<p>\u00a0<\/p>\n<p>Sara Cronberg skriver i sin regidagbok om arbetet med sin upps\u00e4ttning av <em>En midsommarnattsdr\u00f6m<\/em>, som nyligen invigde nyrenoverade Hipp i Malm\u00f6. Och i v\u00e5r scenkonststafett skriver Mille Bostedt om ett verk av Afrang Nordl\u00f6f Malekian,<em> Keeping up with the Iranians<\/em>, som s\u00e4nder pinnen vidare till Ruhani Islam i f\u00f6rest\u00e4llningen <em>Jakten p\u00e5 heterovaccinet<\/em>.<\/p>\n<p>\u00a0<\/p>\n<p>Numrets pj\u00e4s \u00e4r <em>Dagmar<\/em>, av Rebecca \u00d6rtman, d\u00e4r metoo-r\u00f6relsen ekar i bakgrunden d\u00e5 hon f\u00f6rflyttar Dagmar, Arvids bedragna fru i Hjalmar S\u00f6derbergs roman <em>Den allvarsamma leken<\/em>, till nutid och g\u00f6r Dagmar till huvudperson.<\/p>\n<p>\u00a0<\/p>\n<p>\u00a0<\/p>\n<p>\u00a0<\/p>\n<p>\u00a0<\/p>\n<\/td>\n<\/tr>\n<\/tbody>\n<\/table>\n<p>\u00a0<\/p>\n","protected":false},"excerpt":{"rendered":"<p>\u00a0 \u00a0 F\u00f6r tio, femton \u00e5r sedan debatterades bristen p\u00e5 j\u00e4mst\u00e4lldhet inom Teatersverige livligt. I det h\u00e4r numret av Teatertidningen dyker vi ner i ett tema kring just j\u00e4mst\u00e4lldhet och fr\u00e5gar oss var vi st\u00e5r idag. Anna Hedelius h\u00e5ller i ett rundabordssamtal med Jenny Andreasson, Ann Petr\u00e9n, Liv Elf Karl\u00e9n och Felicia Ohly. De dryftar [&hellip;]<\/p>\n","protected":false},"author":4,"featured_media":0,"comment_status":"closed","ping_status":"open","sticky":false,"template":"","format":"standard","meta":[],"categories":[3],"tags":[],"_links":{"self":[{"href":"https:\/\/teatertidningen.se\/index.php?rest_route=\/wp\/v2\/posts\/3013"}],"collection":[{"href":"https:\/\/teatertidningen.se\/index.php?rest_route=\/wp\/v2\/posts"}],"about":[{"href":"https:\/\/teatertidningen.se\/index.php?rest_route=\/wp\/v2\/types\/post"}],"author":[{"embeddable":true,"href":"https:\/\/teatertidningen.se\/index.php?rest_route=\/wp\/v2\/users\/4"}],"replies":[{"embeddable":true,"href":"https:\/\/teatertidningen.se\/index.php?rest_route=%2Fwp%2Fv2%2Fcomments&post=3013"}],"version-history":[{"count":13,"href":"https:\/\/teatertidningen.se\/index.php?rest_route=\/wp\/v2\/posts\/3013\/revisions"}],"predecessor-version":[{"id":3027,"href":"https:\/\/teatertidningen.se\/index.php?rest_route=\/wp\/v2\/posts\/3013\/revisions\/3027"}],"wp:attachment":[{"href":"https:\/\/teatertidningen.se\/index.php?rest_route=%2Fwp%2Fv2%2Fmedia&parent=3013"}],"wp:term":[{"taxonomy":"category","embeddable":true,"href":"https:\/\/teatertidningen.se\/index.php?rest_route=%2Fwp%2Fv2%2Fcategories&post=3013"},{"taxonomy":"post_tag","embeddable":true,"href":"https:\/\/teatertidningen.se\/index.php?rest_route=%2Fwp%2Fv2%2Ftags&post=3013"}],"curies":[{"name":"wp","href":"https:\/\/api.w.org\/{rel}","templated":true}]}}