{"id":613,"date":"2014-07-04T12:05:22","date_gmt":"2014-07-04T10:05:22","guid":{"rendered":"https:\/\/teatertidningen.se\/wp\/?p=613"},"modified":"2014-11-23T19:14:13","modified_gmt":"2014-11-23T18:14:13","slug":"wollstonecraft-pa-aventyr","status":"publish","type":"post","link":"https:\/\/teatertidningen.se\/?p=613","title":{"rendered":"Wollstonecraft p\u00e5 \u00e4ventyr"},"content":{"rendered":"<table style=\"width: 100%;\" border=\"0\">\n<tbody>\n<tr>\n<td style=\"padding-right: 4%; width: 50%; vertical-align: top;\">\n<h2><strong>Vadstena<\/strong><\/h2>\n<p>I \u00e5r fyller Vadstena-Akademien femtio och det firar de med att lyfta fram en f\u00f6rfattare och tons\u00e4ttare fr\u00e5n 1700-talet. \u00bbSilverskeppet\u00ab, i regi av Elisabeth Linton, kretsar kring engelska kvinnokampsf\u00f6reg\u00e5ngaren Mary Wollstonecraft, med libretto av Sophie Helsing. Dirigenten Jonas Dominique har plockat fram godbitar ur Joseph Martin Kraus produktion. Det blir ett \u00e4ventyr med \u00bbk\u00e4rlek, aff\u00e4rer och resor \u00f6ver haven\u00ab, d\u00e4r Wollstonecraft s\u00f6ker ett f\u00f6rlist skepp i revolutionens Europa. Premi\u00e4r den 20 juli.<\/p>\n<p>Denna jubileumssommar inneh\u00e5ller \u00e4ven ett antal andra programpunkter, som en romanskonsert den 19 juli. Sj\u00e4lva jubileumsdagen, med utomhuskonsert och t\u00e5rtkalas, \u00e4ger rum den 31 juli. F\u00f6r mer info, se www.vadstena-akademien.org.<\/p>\n<\/td>\n<td style=\"vertical-align: top; padding-right: 1%;\">\n<p>&nbsp;<\/p>\n<p>&nbsp;<\/p>\n<\/td>\n<\/tr>\n<\/tbody>\n<\/table>\n<p>&nbsp;<\/p>\n","protected":false},"excerpt":{"rendered":"<p>Vadstena I \u00e5r fyller Vadstena-Akademien femtio och det firar de med att lyfta fram en f\u00f6rfattare och tons\u00e4ttare fr\u00e5n 1700-talet. \u00bbSilverskeppet\u00ab, i regi av Elisabeth Linton, kretsar kring engelska kvinnokampsf\u00f6reg\u00e5ngaren Mary Wollstonecraft, med libretto av Sophie Helsing. Dirigenten Jonas Dominique har plockat fram godbitar ur Joseph Martin Kraus produktion. Det blir ett \u00e4ventyr med \u00bbk\u00e4rlek, [&hellip;]<\/p>\n","protected":false},"author":4,"featured_media":0,"comment_status":"closed","ping_status":"open","sticky":false,"template":"","format":"standard","meta":[],"categories":[3],"tags":[],"_links":{"self":[{"href":"https:\/\/teatertidningen.se\/index.php?rest_route=\/wp\/v2\/posts\/613"}],"collection":[{"href":"https:\/\/teatertidningen.se\/index.php?rest_route=\/wp\/v2\/posts"}],"about":[{"href":"https:\/\/teatertidningen.se\/index.php?rest_route=\/wp\/v2\/types\/post"}],"author":[{"embeddable":true,"href":"https:\/\/teatertidningen.se\/index.php?rest_route=\/wp\/v2\/users\/4"}],"replies":[{"embeddable":true,"href":"https:\/\/teatertidningen.se\/index.php?rest_route=%2Fwp%2Fv2%2Fcomments&post=613"}],"version-history":[{"count":4,"href":"https:\/\/teatertidningen.se\/index.php?rest_route=\/wp\/v2\/posts\/613\/revisions"}],"predecessor-version":[{"id":929,"href":"https:\/\/teatertidningen.se\/index.php?rest_route=\/wp\/v2\/posts\/613\/revisions\/929"}],"wp:attachment":[{"href":"https:\/\/teatertidningen.se\/index.php?rest_route=%2Fwp%2Fv2%2Fmedia&parent=613"}],"wp:term":[{"taxonomy":"category","embeddable":true,"href":"https:\/\/teatertidningen.se\/index.php?rest_route=%2Fwp%2Fv2%2Fcategories&post=613"},{"taxonomy":"post_tag","embeddable":true,"href":"https:\/\/teatertidningen.se\/index.php?rest_route=%2Fwp%2Fv2%2Ftags&post=613"}],"curies":[{"name":"wp","href":"https:\/\/api.w.org\/{rel}","templated":true}]}}